{"id":23694,"date":"2026-03-05T11:40:22","date_gmt":"2026-03-05T11:40:22","guid":{"rendered":"https:\/\/cm-fronteira.pt\/?p=23694"},"modified":"2026-03-09T15:41:12","modified_gmt":"2026-03-09T15:41:12","slug":"reuniao-extraordinaria-assembleia-municipal-marco-2026","status":"publish","type":"post","link":"https:\/\/cm-fronteira.pt\/zh\/reuniao-extraordinaria-assembleia-municipal-marco-2026\/","title":{"rendered":"(Portugu\u00eas) Reuni\u00e3o Extraordin\u00e1ria Assembleia Municipal \u2013 Mar\u00e7o 2026"},"content":{"rendered":"<p class=\"qtranxs-available-languages-message qtranxs-available-languages-message-zh\">\u5bf9\u4e0d\u8d77\uff0c\u6b64\u5185\u5bb9\u53ea\u9002\u7528\u4e8e<a href=\"https:\/\/cm-fronteira.pt\/pt\/wp-json\/wp\/v2\/posts\/23694\" class=\"qtranxs-available-language-link qtranxs-available-language-link-pt\" title=\"Portugu\u00eas\">Portugu\u00eas<\/a>\u3002<\/p>","protected":false},"excerpt":{"rendered":"<p>\u5bf9\u4e0d\u8d77\uff0c\u6b64\u5185\u5bb9\u53ea\u9002\u7528\u4e8ePortugu\u00eas\u3002<\/p>\n","protected":false},"author":5,"featured_media":0,"comment_status":"closed","ping_status":"closed","sticky":false,"template":"","format":"standard","meta":{"_acf_changed":false,"_exactmetrics_skip_tracking":false,"_exactmetrics_sitenote_active":false,"_exactmetrics_sitenote_note":"","_exactmetrics_sitenote_category":0,"footnotes":""},"categories":[1373],"tags":[],"class_list":["post-23694","post","type-post","status-publish","format-standard","hentry","category-assembleia"],"acf":[],"_links":{"self":[{"href":"https:\/\/cm-fronteira.pt\/zh\/wp-json\/wp\/v2\/posts\/23694","targetHints":{"allow":["GET"]}}],"collection":[{"href":"https:\/\/cm-fronteira.pt\/zh\/wp-json\/wp\/v2\/posts"}],"about":[{"href":"https:\/\/cm-fronteira.pt\/zh\/wp-json\/wp\/v2\/types\/post"}],"author":[{"embeddable":true,"href":"https:\/\/cm-fronteira.pt\/zh\/wp-json\/wp\/v2\/users\/5"}],"replies":[{"embeddable":true,"href":"https:\/\/cm-fronteira.pt\/zh\/wp-json\/wp\/v2\/comments?post=23694"}],"version-history":[{"count":1,"href":"https:\/\/cm-fronteira.pt\/zh\/wp-json\/wp\/v2\/posts\/23694\/revisions"}],"predecessor-version":[{"id":23695,"href":"https:\/\/cm-fronteira.pt\/zh\/wp-json\/wp\/v2\/posts\/23694\/revisions\/23695"}],"wp:attachment":[{"href":"https:\/\/cm-fronteira.pt\/zh\/wp-json\/wp\/v2\/media?parent=23694"}],"wp:term":[{"taxonomy":"category","embeddable":true,"href":"https:\/\/cm-fronteira.pt\/zh\/wp-json\/wp\/v2\/categories?post=23694"},{"taxonomy":"post_tag","embeddable":true,"href":"https:\/\/cm-fronteira.pt\/zh\/wp-json\/wp\/v2\/tags?post=23694"}],"curies":[{"name":"wp","href":"https:\/\/api.w.org\/{rel}","templated":true}]}}