{"id":12277,"date":"2023-06-23T14:51:16","date_gmt":"2023-06-23T14:51:16","guid":{"rendered":"https:\/\/cm-fronteira.pt\/?p=12277"},"modified":"2023-10-31T18:08:08","modified_gmt":"2023-10-31T18:08:08","slug":"atl-inscricoes-abertas","status":"publish","type":"post","link":"https:\/\/cm-fronteira.pt\/zh\/atl-inscricoes-abertas\/","title":{"rendered":"ATL &#8211; Inscri\u00e7\u00f5es Abertas"},"content":{"rendered":"<p><strong>At\u00e9 dia 28 de Junho<\/strong>, as inscri\u00e7\u00f5es para o ATL encontram-se abertas, a todas as crian\u00e7as dos seis aos doze anos, na Biblioteca Municipal de Fronteira.<\/p>\n","protected":false},"excerpt":{"rendered":"<p>At\u00e9 dia 28 de Junho, as inscri\u00e7\u00f5es para o ATL encontram [&hellip;]<\/p>\n","protected":false},"author":5,"featured_media":0,"comment_status":"closed","ping_status":"closed","sticky":false,"template":"","format":"standard","meta":{"_acf_changed":false,"_exactmetrics_skip_tracking":false,"_exactmetrics_sitenote_active":false,"_exactmetrics_sitenote_note":"","_exactmetrics_sitenote_category":0,"footnotes":""},"categories":[1],"tags":[],"class_list":["post-12277","post","type-post","status-publish","format-standard","hentry","category-sem-categoria"],"acf":[],"_links":{"self":[{"href":"https:\/\/cm-fronteira.pt\/zh\/wp-json\/wp\/v2\/posts\/12277","targetHints":{"allow":["GET"]}}],"collection":[{"href":"https:\/\/cm-fronteira.pt\/zh\/wp-json\/wp\/v2\/posts"}],"about":[{"href":"https:\/\/cm-fronteira.pt\/zh\/wp-json\/wp\/v2\/types\/post"}],"author":[{"embeddable":true,"href":"https:\/\/cm-fronteira.pt\/zh\/wp-json\/wp\/v2\/users\/5"}],"replies":[{"embeddable":true,"href":"https:\/\/cm-fronteira.pt\/zh\/wp-json\/wp\/v2\/comments?post=12277"}],"version-history":[{"count":2,"href":"https:\/\/cm-fronteira.pt\/zh\/wp-json\/wp\/v2\/posts\/12277\/revisions"}],"predecessor-version":[{"id":12890,"href":"https:\/\/cm-fronteira.pt\/zh\/wp-json\/wp\/v2\/posts\/12277\/revisions\/12890"}],"wp:attachment":[{"href":"https:\/\/cm-fronteira.pt\/zh\/wp-json\/wp\/v2\/media?parent=12277"}],"wp:term":[{"taxonomy":"category","embeddable":true,"href":"https:\/\/cm-fronteira.pt\/zh\/wp-json\/wp\/v2\/categories?post=12277"},{"taxonomy":"post_tag","embeddable":true,"href":"https:\/\/cm-fronteira.pt\/zh\/wp-json\/wp\/v2\/tags?post=12277"}],"curies":[{"name":"wp","href":"https:\/\/api.w.org\/{rel}","templated":true}]}}