{"id":11417,"date":"2023-11-29T13:04:37","date_gmt":"2023-11-29T13:04:37","guid":{"rendered":"https:\/\/cm-fronteira.pt\/?p=11417"},"modified":"2023-11-29T16:33:38","modified_gmt":"2023-11-29T16:33:38","slug":"24-horas-tt-2023-condicionamento-de-transito","status":"publish","type":"post","link":"https:\/\/cm-fronteira.pt\/zh\/24-horas-tt-2023-condicionamento-de-transito\/","title":{"rendered":"24 Horas TT 2023 &#8211; Condicionamento de Tr\u00e2nsito"},"content":{"rendered":"<p style=\"text-align: justify;\"><strong>Condicionamento de tr\u00e2nsito <\/strong>no \u00e2mbito da realiza\u00e7\u00e3o do evento <strong>24 Horas TT &#8211; Vila de Fronteira.<\/strong><\/p>\n<p>&nbsp;<\/p>\n<p>&nbsp;<\/p>\n","protected":false},"excerpt":{"rendered":"<p>Condicionamento de tr\u00e2nsito no \u00e2mbito da realiza\u00e7\u00e3o do  [&hellip;]<\/p>\n","protected":false},"author":5,"featured_media":0,"comment_status":"closed","ping_status":"closed","sticky":false,"template":"","format":"standard","meta":{"_acf_changed":false,"_exactmetrics_skip_tracking":false,"_exactmetrics_sitenote_active":false,"_exactmetrics_sitenote_note":"","_exactmetrics_sitenote_category":0,"footnotes":""},"categories":[1],"tags":[],"class_list":["post-11417","post","type-post","status-publish","format-standard","hentry","category-sem-categoria"],"acf":[],"_links":{"self":[{"href":"https:\/\/cm-fronteira.pt\/zh\/wp-json\/wp\/v2\/posts\/11417","targetHints":{"allow":["GET"]}}],"collection":[{"href":"https:\/\/cm-fronteira.pt\/zh\/wp-json\/wp\/v2\/posts"}],"about":[{"href":"https:\/\/cm-fronteira.pt\/zh\/wp-json\/wp\/v2\/types\/post"}],"author":[{"embeddable":true,"href":"https:\/\/cm-fronteira.pt\/zh\/wp-json\/wp\/v2\/users\/5"}],"replies":[{"embeddable":true,"href":"https:\/\/cm-fronteira.pt\/zh\/wp-json\/wp\/v2\/comments?post=11417"}],"version-history":[{"count":7,"href":"https:\/\/cm-fronteira.pt\/zh\/wp-json\/wp\/v2\/posts\/11417\/revisions"}],"predecessor-version":[{"id":13028,"href":"https:\/\/cm-fronteira.pt\/zh\/wp-json\/wp\/v2\/posts\/11417\/revisions\/13028"}],"wp:attachment":[{"href":"https:\/\/cm-fronteira.pt\/zh\/wp-json\/wp\/v2\/media?parent=11417"}],"wp:term":[{"taxonomy":"category","embeddable":true,"href":"https:\/\/cm-fronteira.pt\/zh\/wp-json\/wp\/v2\/categories?post=11417"},{"taxonomy":"post_tag","embeddable":true,"href":"https:\/\/cm-fronteira.pt\/zh\/wp-json\/wp\/v2\/tags?post=11417"}],"curies":[{"name":"wp","href":"https:\/\/api.w.org\/{rel}","templated":true}]}}