{"id":23694,"date":"2026-03-05T11:40:22","date_gmt":"2026-03-05T11:40:22","guid":{"rendered":"https:\/\/cm-fronteira.pt\/?p=23694"},"modified":"2026-03-09T15:41:12","modified_gmt":"2026-03-09T15:41:12","slug":"reuniao-extraordinaria-assembleia-municipal-marco-2026","status":"publish","type":"post","link":"https:\/\/cm-fronteira.pt\/pt\/reuniao-extraordinaria-assembleia-municipal-marco-2026\/","title":{"rendered":"Reuni\u00e3o Extraordin\u00e1ria Assembleia Municipal \u2013 Mar\u00e7o 2026"},"content":{"rendered":"<p>A Assembleia Municipal de Fronteira ir\u00e1 realizar uma reuni\u00e3o extraordin\u00e1ria no pr\u00f3ximo dia:<\/p>\n<ul>\n<li><strong>09 de Mar\u00e7o<\/strong><\/li>\n<li><strong data-start=\"323\" data-end=\"332\">18:00 Horas<\/strong><\/li>\n<li><strong data-start=\"337\" data-end=\"374\">Local: Sal\u00e3o Nobre dos Pa\u00e7os do Concelho<\/strong>.<\/li>\n<\/ul>\n<p><\/p>","protected":false},"excerpt":{"rendered":"<p>A Assembleia Municipal de Fronteira ir\u00e1 realizar uma reuni\u00e3o extraordin\u00e1ria no pr\u00f3ximo dia: 09 de Mar\u00e7o 18:00 Horas Local: Sal\u00e3o Nobre dos Pa\u00e7os do Concelho.<\/p>\n","protected":false},"author":5,"featured_media":0,"comment_status":"closed","ping_status":"closed","sticky":false,"template":"","format":"standard","meta":{"_acf_changed":false,"_exactmetrics_skip_tracking":false,"_exactmetrics_sitenote_active":false,"_exactmetrics_sitenote_note":"","_exactmetrics_sitenote_category":0,"footnotes":""},"categories":[1373],"tags":[],"class_list":["post-23694","post","type-post","status-publish","format-standard","hentry","category-assembleia"],"acf":[],"_links":{"self":[{"href":"https:\/\/cm-fronteira.pt\/pt\/wp-json\/wp\/v2\/posts\/23694","targetHints":{"allow":["GET"]}}],"collection":[{"href":"https:\/\/cm-fronteira.pt\/pt\/wp-json\/wp\/v2\/posts"}],"about":[{"href":"https:\/\/cm-fronteira.pt\/pt\/wp-json\/wp\/v2\/types\/post"}],"author":[{"embeddable":true,"href":"https:\/\/cm-fronteira.pt\/pt\/wp-json\/wp\/v2\/users\/5"}],"replies":[{"embeddable":true,"href":"https:\/\/cm-fronteira.pt\/pt\/wp-json\/wp\/v2\/comments?post=23694"}],"version-history":[{"count":1,"href":"https:\/\/cm-fronteira.pt\/pt\/wp-json\/wp\/v2\/posts\/23694\/revisions"}],"predecessor-version":[{"id":23695,"href":"https:\/\/cm-fronteira.pt\/pt\/wp-json\/wp\/v2\/posts\/23694\/revisions\/23695"}],"wp:attachment":[{"href":"https:\/\/cm-fronteira.pt\/pt\/wp-json\/wp\/v2\/media?parent=23694"}],"wp:term":[{"taxonomy":"category","embeddable":true,"href":"https:\/\/cm-fronteira.pt\/pt\/wp-json\/wp\/v2\/categories?post=23694"},{"taxonomy":"post_tag","embeddable":true,"href":"https:\/\/cm-fronteira.pt\/pt\/wp-json\/wp\/v2\/tags?post=23694"}],"curies":[{"name":"wp","href":"https:\/\/api.w.org\/{rel}","templated":true}]}}