{"id":23656,"date":"2026-03-04T09:07:07","date_gmt":"2026-03-04T09:07:07","guid":{"rendered":"https:\/\/cm-fronteira.pt\/?p=23656"},"modified":"2026-03-04T10:52:00","modified_gmt":"2026-03-04T10:52:00","slug":"consulta-publica-regulamento-do-cartao-do-idoso","status":"publish","type":"post","link":"https:\/\/cm-fronteira.pt\/pt\/consulta-publica-regulamento-do-cartao-do-idoso\/","title":{"rendered":"Consulta P\u00fablica \u2013 Regulamento do Cart\u00e3o do Idoso"},"content":{"rendered":"<p>Informa-se que se encontra em consulta p\u00fablica a proposta de altera\u00e7\u00e3o relativa ao <strong>Regulamento do Cart\u00e3o do Idoso<\/strong>, conforme publica\u00e7\u00e3o em <span class=\"hover:entity-accent entity-underline inline cursor-pointer align-baseline\"><span class=\"whitespace-normal\">Di\u00e1rio da Rep\u00fablica<\/span><\/span> e Edital em vigor.<\/p>\n<p>A presente consulta p\u00fablica tem como objetivo permitir que todos os interessados possam apresentar contributos, sugest\u00f5es ou observa\u00e7\u00f5es relativamente ao projeto de regulamento, antes da sua aprova\u00e7\u00e3o final.<\/p>\n<p>O Cart\u00e3o do Idoso visa estabelecer um conjunto de benef\u00edcios e apoios destinados \u00e0 popula\u00e7\u00e3o s\u00e9nior do concelho, promovendo o seu bem-estar, inclus\u00e3o social e qualidade de vida.<\/p>\n<p data-start=\"907\" data-end=\"923\"><strong><br \/>\n&#8212; Participa\u00e7\u00e3o &#8212;<\/strong><\/p>\n<p>Durante o per\u00edodo de consulta p\u00fablica, os interessados poder\u00e3o:<\/p>\n<ul data-start=\"990\" data-end=\"1149\">\n<li data-start=\"990\" data-end=\"1027\"><strong>Consultar a proposta de altera\u00e7\u00e3o;<\/strong><\/li>\n<li data-start=\"1028\" data-end=\"1089\"><strong>Apresentar sugest\u00f5es, propostas ou reclama\u00e7\u00f5es por escrito;<\/strong><\/li>\n<li data-start=\"1090\" data-end=\"1149\"><strong>Contribuir ativamente para a melhoria do documento final.<\/strong><\/li>\n<\/ul>\n<p>Os contributos dever\u00e3o ser apresentados nos termos e dentro do prazo definidos no Edital.<\/p>","protected":false},"excerpt":{"rendered":"<p>Informa-se que se encontra em consulta p\u00fablica a proposta de altera\u00e7\u00e3o relativa ao Regulamento do Cart\u00e3o do Idoso, conforme publica\u00e7\u00e3o em Di\u00e1rio da Rep\u00fablica e Edital em vigor. A presente consulta p\u00fablica tem como objetivo permitir que todos os interessados possam apresentar contributos, sugest\u00f5es ou observa\u00e7\u00f5es relativamente ao projeto de regulamento, antes da sua aprova\u00e7\u00e3o [&hellip;]<\/p>\n","protected":false},"author":5,"featured_media":0,"comment_status":"closed","ping_status":"closed","sticky":false,"template":"","format":"standard","meta":{"_acf_changed":false,"_exactmetrics_skip_tracking":false,"_exactmetrics_sitenote_active":false,"_exactmetrics_sitenote_note":"","_exactmetrics_sitenote_category":0,"footnotes":""},"categories":[1384],"tags":[],"class_list":["post-23656","post","type-post","status-publish","format-standard","hentry","category-noticias"],"acf":[],"_links":{"self":[{"href":"https:\/\/cm-fronteira.pt\/pt\/wp-json\/wp\/v2\/posts\/23656","targetHints":{"allow":["GET"]}}],"collection":[{"href":"https:\/\/cm-fronteira.pt\/pt\/wp-json\/wp\/v2\/posts"}],"about":[{"href":"https:\/\/cm-fronteira.pt\/pt\/wp-json\/wp\/v2\/types\/post"}],"author":[{"embeddable":true,"href":"https:\/\/cm-fronteira.pt\/pt\/wp-json\/wp\/v2\/users\/5"}],"replies":[{"embeddable":true,"href":"https:\/\/cm-fronteira.pt\/pt\/wp-json\/wp\/v2\/comments?post=23656"}],"version-history":[{"count":8,"href":"https:\/\/cm-fronteira.pt\/pt\/wp-json\/wp\/v2\/posts\/23656\/revisions"}],"predecessor-version":[{"id":23673,"href":"https:\/\/cm-fronteira.pt\/pt\/wp-json\/wp\/v2\/posts\/23656\/revisions\/23673"}],"wp:attachment":[{"href":"https:\/\/cm-fronteira.pt\/pt\/wp-json\/wp\/v2\/media?parent=23656"}],"wp:term":[{"taxonomy":"category","embeddable":true,"href":"https:\/\/cm-fronteira.pt\/pt\/wp-json\/wp\/v2\/categories?post=23656"},{"taxonomy":"post_tag","embeddable":true,"href":"https:\/\/cm-fronteira.pt\/pt\/wp-json\/wp\/v2\/tags?post=23656"}],"curies":[{"name":"wp","href":"https:\/\/api.w.org\/{rel}","templated":true}]}}