{"id":23204,"date":"2025-11-21T17:21:29","date_gmt":"2025-11-21T17:21:29","guid":{"rendered":"https:\/\/cm-fronteira.pt\/?p=23204"},"modified":"2025-11-21T17:21:29","modified_gmt":"2025-11-21T17:21:29","slug":"reuniao-extraordinaria-assembleia-municipal-novembro-2025","status":"publish","type":"post","link":"https:\/\/cm-fronteira.pt\/pt\/reuniao-extraordinaria-assembleia-municipal-novembro-2025\/","title":{"rendered":"Reuni\u00e3o Extraordin\u00e1ria Assembleia Municipal \u2013 Novembro 2025"},"content":{"rendered":"<p><\/p>\n<p data-start=\"206\" data-end=\"377\">A Assembleia Municipal de Fronteira ir\u00e1 realizar uma reuni\u00e3o extraordin\u00e1ria no pr\u00f3ximo dia <strong data-start=\"297\" data-end=\"315\">26 de novembro<\/strong>, pelas <strong data-start=\"323\" data-end=\"332\">18h00<\/strong>, no <strong data-start=\"337\" data-end=\"374\">Sal\u00e3o Nobre dos Pa\u00e7os do Concelho<\/strong>.<\/p>\n<p><\/p>","protected":false},"excerpt":{"rendered":"<p>A Assembleia Municipal de Fronteira ir\u00e1 realizar uma reuni\u00e3o extraordin\u00e1ria no pr\u00f3ximo dia 26 de novembro, pelas 18h00, no Sal\u00e3o Nobre dos Pa\u00e7os do Concelho.<\/p>\n","protected":false},"author":5,"featured_media":0,"comment_status":"closed","ping_status":"closed","sticky":false,"template":"","format":"standard","meta":{"_acf_changed":false,"_exactmetrics_skip_tracking":false,"_exactmetrics_sitenote_active":false,"_exactmetrics_sitenote_note":"","_exactmetrics_sitenote_category":0,"footnotes":""},"categories":[1351],"tags":[],"class_list":["post-23204","post","type-post","status-publish","format-standard","hentry","category-reunioes"],"acf":[],"_links":{"self":[{"href":"https:\/\/cm-fronteira.pt\/pt\/wp-json\/wp\/v2\/posts\/23204","targetHints":{"allow":["GET"]}}],"collection":[{"href":"https:\/\/cm-fronteira.pt\/pt\/wp-json\/wp\/v2\/posts"}],"about":[{"href":"https:\/\/cm-fronteira.pt\/pt\/wp-json\/wp\/v2\/types\/post"}],"author":[{"embeddable":true,"href":"https:\/\/cm-fronteira.pt\/pt\/wp-json\/wp\/v2\/users\/5"}],"replies":[{"embeddable":true,"href":"https:\/\/cm-fronteira.pt\/pt\/wp-json\/wp\/v2\/comments?post=23204"}],"version-history":[{"count":1,"href":"https:\/\/cm-fronteira.pt\/pt\/wp-json\/wp\/v2\/posts\/23204\/revisions"}],"predecessor-version":[{"id":23205,"href":"https:\/\/cm-fronteira.pt\/pt\/wp-json\/wp\/v2\/posts\/23204\/revisions\/23205"}],"wp:attachment":[{"href":"https:\/\/cm-fronteira.pt\/pt\/wp-json\/wp\/v2\/media?parent=23204"}],"wp:term":[{"taxonomy":"category","embeddable":true,"href":"https:\/\/cm-fronteira.pt\/pt\/wp-json\/wp\/v2\/categories?post=23204"},{"taxonomy":"post_tag","embeddable":true,"href":"https:\/\/cm-fronteira.pt\/pt\/wp-json\/wp\/v2\/tags?post=23204"}],"curies":[{"name":"wp","href":"https:\/\/api.w.org\/{rel}","templated":true}]}}