{"id":23115,"date":"2025-11-14T11:15:59","date_gmt":"2025-11-14T11:15:59","guid":{"rendered":"https:\/\/cm-fronteira.pt\/?p=23115"},"modified":"2025-11-14T11:15:59","modified_gmt":"2025-11-14T11:15:59","slug":"24-horas-tt-2025-instalacao-de-bares-e-estabelecimentos","status":"publish","type":"post","link":"https:\/\/cm-fronteira.pt\/pt\/24-horas-tt-2025-instalacao-de-bares-e-estabelecimentos\/","title":{"rendered":"24 Horas TT 2025 &#8211; Instala\u00e7\u00e3o de Bares e Estabelecimentos"},"content":{"rendered":"<p><\/p>\n<p style=\"text-align: justify\" data-start=\"362\" data-end=\"685\">O C\u00e2mara Municipal de Fronteira informa que, no \u00e2mbito da realiza\u00e7\u00e3o da pr\u00f3xima edi\u00e7\u00e3o do evento <em data-start=\"459\" data-end=\"492\">24 Horas TT \u2013 Vila de Fronteira<\/em> (de 4 a 7 de dezembro de 2025), est\u00e1 <strong data-start=\"530\" data-end=\"682\">dispon\u00edvel o Caderno de Normas para a ced\u00eancia de utiliza\u00e7\u00e3o de espa\u00e7os destinados \u00e0 instala\u00e7\u00e3o de bares e estabelecimentos de restaura\u00e7\u00e3o e bebidas<\/strong>.<\/p>\n<p style=\"text-align: justify\" data-start=\"687\" data-end=\"855\">Este manual re\u00fane todas as regras, condi\u00e7\u00f5es, prazos de candidatura e crit\u00e9rios de atribui\u00e7\u00e3o para interessados em explorar bares ou postos de venda durante o evento.<\/p>\n<p><\/p>","protected":false},"excerpt":{"rendered":"<p>O C\u00e2mara Municipal de Fronteira informa que, no \u00e2mbito da realiza\u00e7\u00e3o da pr\u00f3xima edi\u00e7\u00e3o do evento 24 Horas TT \u2013 Vila de Fronteira (de 4 a 7 de dezembro de 2025), est\u00e1 dispon\u00edvel o Caderno de Normas para a ced\u00eancia de utiliza\u00e7\u00e3o de espa\u00e7os destinados \u00e0 instala\u00e7\u00e3o de bares e estabelecimentos de restaura\u00e7\u00e3o e bebidas. [&hellip;]<\/p>\n","protected":false},"author":5,"featured_media":0,"comment_status":"closed","ping_status":"closed","sticky":false,"template":"","format":"standard","meta":{"_acf_changed":false,"_exactmetrics_skip_tracking":false,"_exactmetrics_sitenote_active":false,"_exactmetrics_sitenote_note":"","_exactmetrics_sitenote_category":0,"footnotes":""},"categories":[1349],"tags":[],"class_list":["post-23115","post","type-post","status-publish","format-standard","hentry","category-eventos"],"acf":[],"_links":{"self":[{"href":"https:\/\/cm-fronteira.pt\/pt\/wp-json\/wp\/v2\/posts\/23115","targetHints":{"allow":["GET"]}}],"collection":[{"href":"https:\/\/cm-fronteira.pt\/pt\/wp-json\/wp\/v2\/posts"}],"about":[{"href":"https:\/\/cm-fronteira.pt\/pt\/wp-json\/wp\/v2\/types\/post"}],"author":[{"embeddable":true,"href":"https:\/\/cm-fronteira.pt\/pt\/wp-json\/wp\/v2\/users\/5"}],"replies":[{"embeddable":true,"href":"https:\/\/cm-fronteira.pt\/pt\/wp-json\/wp\/v2\/comments?post=23115"}],"version-history":[{"count":1,"href":"https:\/\/cm-fronteira.pt\/pt\/wp-json\/wp\/v2\/posts\/23115\/revisions"}],"predecessor-version":[{"id":23118,"href":"https:\/\/cm-fronteira.pt\/pt\/wp-json\/wp\/v2\/posts\/23115\/revisions\/23118"}],"wp:attachment":[{"href":"https:\/\/cm-fronteira.pt\/pt\/wp-json\/wp\/v2\/media?parent=23115"}],"wp:term":[{"taxonomy":"category","embeddable":true,"href":"https:\/\/cm-fronteira.pt\/pt\/wp-json\/wp\/v2\/categories?post=23115"},{"taxonomy":"post_tag","embeddable":true,"href":"https:\/\/cm-fronteira.pt\/pt\/wp-json\/wp\/v2\/tags?post=23115"}],"curies":[{"name":"wp","href":"https:\/\/api.w.org\/{rel}","templated":true}]}}