{"id":22879,"date":"2025-11-04T14:29:00","date_gmt":"2025-11-04T14:29:00","guid":{"rendered":"https:\/\/cm-fronteira.pt\/?p=22879"},"modified":"2025-11-04T14:29:00","modified_gmt":"2025-11-04T14:29:00","slug":"primeira-reuniao-de-camara-no-mandato-2025-2029","status":"publish","type":"post","link":"https:\/\/cm-fronteira.pt\/pt\/primeira-reuniao-de-camara-no-mandato-2025-2029\/","title":{"rendered":"Primeira Reuni\u00e3o de C\u00e2mara no mandato 2025-2029"},"content":{"rendered":"<p><\/p>\n<p style=\"text-align: justify\">A primeira reuni\u00e3o de funcionamento desta C\u00e2mara Municipal para o <strong>mandato de 2025\/2029<\/strong>, ter\u00e1 lugar no pr\u00f3ximo dia <strong>05 de novembro de 2025<\/strong> pelas <strong>09:00 Horas<\/strong>, no edif\u00edcio dos Pa\u00e7os do Concelho.<\/p>\n<p><\/p>","protected":false},"excerpt":{"rendered":"<p>A primeira reuni\u00e3o de funcionamento desta C\u00e2mara Municipal para o mandato de 2025\/2029, ter\u00e1 lugar no pr\u00f3ximo dia 05 de novembro de 2025 pelas 09:00 Horas, no edif\u00edcio dos Pa\u00e7os do Concelho.<\/p>\n","protected":false},"author":5,"featured_media":0,"comment_status":"closed","ping_status":"closed","sticky":false,"template":"","format":"standard","meta":{"_acf_changed":false,"_exactmetrics_skip_tracking":false,"_exactmetrics_sitenote_active":false,"_exactmetrics_sitenote_note":"","_exactmetrics_sitenote_category":0,"footnotes":""},"categories":[1336],"tags":[],"class_list":["post-22879","post","type-post","status-publish","format-standard","hentry","category-municipio"],"acf":[],"_links":{"self":[{"href":"https:\/\/cm-fronteira.pt\/pt\/wp-json\/wp\/v2\/posts\/22879","targetHints":{"allow":["GET"]}}],"collection":[{"href":"https:\/\/cm-fronteira.pt\/pt\/wp-json\/wp\/v2\/posts"}],"about":[{"href":"https:\/\/cm-fronteira.pt\/pt\/wp-json\/wp\/v2\/types\/post"}],"author":[{"embeddable":true,"href":"https:\/\/cm-fronteira.pt\/pt\/wp-json\/wp\/v2\/users\/5"}],"replies":[{"embeddable":true,"href":"https:\/\/cm-fronteira.pt\/pt\/wp-json\/wp\/v2\/comments?post=22879"}],"version-history":[{"count":1,"href":"https:\/\/cm-fronteira.pt\/pt\/wp-json\/wp\/v2\/posts\/22879\/revisions"}],"predecessor-version":[{"id":22880,"href":"https:\/\/cm-fronteira.pt\/pt\/wp-json\/wp\/v2\/posts\/22879\/revisions\/22880"}],"wp:attachment":[{"href":"https:\/\/cm-fronteira.pt\/pt\/wp-json\/wp\/v2\/media?parent=22879"}],"wp:term":[{"taxonomy":"category","embeddable":true,"href":"https:\/\/cm-fronteira.pt\/pt\/wp-json\/wp\/v2\/categories?post=22879"},{"taxonomy":"post_tag","embeddable":true,"href":"https:\/\/cm-fronteira.pt\/pt\/wp-json\/wp\/v2\/tags?post=22879"}],"curies":[{"name":"wp","href":"https:\/\/api.w.org\/{rel}","templated":true}]}}