{"id":22812,"date":"2025-10-22T10:33:23","date_gmt":"2025-10-22T10:33:23","guid":{"rendered":"https:\/\/cm-fronteira.pt\/?p=22812"},"modified":"2025-10-22T10:33:23","modified_gmt":"2025-10-22T10:33:23","slug":"tomada-de-posse-dos-orgaos-autarquicos-do-municipio-de-fronteira","status":"publish","type":"post","link":"https:\/\/cm-fronteira.pt\/pt\/tomada-de-posse-dos-orgaos-autarquicos-do-municipio-de-fronteira\/","title":{"rendered":"Tomada de Posse dos \u00d3rg\u00e3os Aut\u00e1rquicos do Munic\u00edpio de Fronteira"},"content":{"rendered":"<p><\/p>\n<p style=\"text-align: justify\" data-start=\"227\" data-end=\"669\">O Presidente da Assembleia Municipal cessante, <strong data-start=\"274\" data-end=\"305\">Manuel Caetano Baiona Neves<\/strong>, torna p\u00fablico que, em conformidade com o disposto nos artigos 43.\u00ba, 44.\u00ba e 60.\u00ba da Lei n.\u00ba 169\/99, de 18 de setembro, ter\u00e1 lugar no pr\u00f3ximo dia <strong data-start=\"451\" data-end=\"481\">1 de novembro, pelas 15h00<\/strong>, no <strong data-start=\"486\" data-end=\"523\">Sal\u00e3o Nobre dos Pa\u00e7os do Concelho<\/strong>, o <strong data-start=\"527\" data-end=\"607\">ato de instala\u00e7\u00e3o da Assembleia Municipal e da C\u00e2mara Municipal de Fronteira<\/strong>, na sequ\u00eancia do ato eleitoral realizado a <strong data-start=\"651\" data-end=\"668\">12 de outubro<\/strong>.<\/p>\n<p style=\"text-align: justify\" data-start=\"671\" data-end=\"885\">Para este ato solene, s\u00e3o <strong data-start=\"697\" data-end=\"731\">convocados os cidad\u00e3os eleitos<\/strong> para os referidos \u00f3rg\u00e3os municipais, bem como <strong data-start=\"778\" data-end=\"812\">o cidad\u00e3o da lista mais votada<\/strong> para cada uma das <strong data-start=\"831\" data-end=\"884\">Assembleias de Freguesia do Concelho de Fronteira<\/strong>.<\/p>\n<p style=\"text-align: justify\" data-start=\"887\" data-end=\"1084\">A cerim\u00f3nia marca o in\u00edcio de um novo mandato aut\u00e1rquico, simbolizando o compromisso democr\u00e1tico e a continuidade do trabalho em prol do desenvolvimento do concelho e do bem-estar da sua popula\u00e7\u00e3o.<\/p>\n<p><\/p>","protected":false},"excerpt":{"rendered":"<p>O Presidente da Assembleia Municipal cessante, Manuel Caetano Baiona Neves, torna p\u00fablico que, em conformidade com o disposto nos artigos 43.\u00ba, 44.\u00ba e 60.\u00ba da Lei n.\u00ba 169\/99, de 18 de setembro, ter\u00e1 lugar no pr\u00f3ximo dia 1 de novembro, pelas 15h00, no Sal\u00e3o Nobre dos Pa\u00e7os do Concelho, o ato de instala\u00e7\u00e3o da Assembleia [&hellip;]<\/p>\n","protected":false},"author":5,"featured_media":0,"comment_status":"closed","ping_status":"closed","sticky":false,"template":"","format":"standard","meta":{"_acf_changed":false,"_exactmetrics_skip_tracking":false,"_exactmetrics_sitenote_active":false,"_exactmetrics_sitenote_note":"","_exactmetrics_sitenote_category":0,"footnotes":""},"categories":[1336],"tags":[],"class_list":["post-22812","post","type-post","status-publish","format-standard","hentry","category-municipio"],"acf":[],"_links":{"self":[{"href":"https:\/\/cm-fronteira.pt\/pt\/wp-json\/wp\/v2\/posts\/22812","targetHints":{"allow":["GET"]}}],"collection":[{"href":"https:\/\/cm-fronteira.pt\/pt\/wp-json\/wp\/v2\/posts"}],"about":[{"href":"https:\/\/cm-fronteira.pt\/pt\/wp-json\/wp\/v2\/types\/post"}],"author":[{"embeddable":true,"href":"https:\/\/cm-fronteira.pt\/pt\/wp-json\/wp\/v2\/users\/5"}],"replies":[{"embeddable":true,"href":"https:\/\/cm-fronteira.pt\/pt\/wp-json\/wp\/v2\/comments?post=22812"}],"version-history":[{"count":1,"href":"https:\/\/cm-fronteira.pt\/pt\/wp-json\/wp\/v2\/posts\/22812\/revisions"}],"predecessor-version":[{"id":22813,"href":"https:\/\/cm-fronteira.pt\/pt\/wp-json\/wp\/v2\/posts\/22812\/revisions\/22813"}],"wp:attachment":[{"href":"https:\/\/cm-fronteira.pt\/pt\/wp-json\/wp\/v2\/media?parent=22812"}],"wp:term":[{"taxonomy":"category","embeddable":true,"href":"https:\/\/cm-fronteira.pt\/pt\/wp-json\/wp\/v2\/categories?post=22812"},{"taxonomy":"post_tag","embeddable":true,"href":"https:\/\/cm-fronteira.pt\/pt\/wp-json\/wp\/v2\/tags?post=22812"}],"curies":[{"name":"wp","href":"https:\/\/api.w.org\/{rel}","templated":true}]}}