{"id":22807,"date":"2025-10-21T14:01:44","date_gmt":"2025-10-21T14:01:44","guid":{"rendered":"https:\/\/cm-fronteira.pt\/?p=22807"},"modified":"2025-10-21T14:01:44","modified_gmt":"2025-10-21T14:01:44","slug":"baja-portalegre-500-passa-por-fronteira-no-dia-25-de-outubro","status":"publish","type":"post","link":"https:\/\/cm-fronteira.pt\/pt\/baja-portalegre-500-passa-por-fronteira-no-dia-25-de-outubro\/","title":{"rendered":"Baja Portalegre 500 passa por Fronteira no dia 25 de outubro"},"content":{"rendered":"<p><\/p>\n<p style=\"text-align: justify\" data-start=\"263\" data-end=\"479\">Fronteira volta a receber a passagem da m\u00edtica <strong data-start=\"310\" data-end=\"333\">Baja Portalegre 500<\/strong> j\u00e1 no pr\u00f3ximo <strong data-start=\"348\" data-end=\"369\">dia 25 de outubro<\/strong>, num dos momentos mais aguardados da prova que marca o calend\u00e1rio nacional e internacional do todo-o-terreno.<\/p>\n<p style=\"text-align: justify\" data-start=\"481\" data-end=\"782\">O <strong data-start=\"483\" data-end=\"508\">Ponto de Interesse 11<\/strong> estar\u00e1 localizado no <strong data-start=\"530\" data-end=\"586\">espa\u00e7o das bp Ultimate 24 Horas TT Vila de Fronteira<\/strong>, junto \u00e0 <strong data-start=\"596\" data-end=\"615\">Zona Industrial<\/strong>, numa \u00e1rea em frente \u00e0s boxes das 24 Horas TT \u2014 um local privilegiado para o p\u00fablico acompanhar de perto a passagem dos concorrentes e sentir toda a emo\u00e7\u00e3o do evento.<\/p>\n<h3 style=\"text-align: justify\" data-start=\"784\" data-end=\"812\"><strong data-start=\"788\" data-end=\"812\">Hor\u00e1rios de Passagem<\/strong><\/h3>\n<ul style=\"text-align: justify\" data-start=\"813\" data-end=\"904\">\n<li data-start=\"813\" data-end=\"852\">\n<p data-start=\"815\" data-end=\"852\"><strong data-start=\"815\" data-end=\"844\">1.\u00ba Carro (SS2 \u2013 km 113):<\/strong> 09h25<\/p>\n<\/li>\n<li data-start=\"853\" data-end=\"904\">\n<p data-start=\"855\" data-end=\"904\"><strong data-start=\"855\" data-end=\"896\">1.\u00aa Moto \/ Quad \/ SSV (SS2 \u2013 km 250):<\/strong> 13h15<\/p>\n<\/li>\n<\/ul>\n<p style=\"text-align: justify\" data-start=\"906\" data-end=\"1092\">Esta \u00e9 uma excelente oportunidade para viver o ambiente \u00fanico da Baja Portalegre 500, num dia em que Fronteira volta a ser palco de um dos maiores eventos de desporto motorizado do pa\u00eds.<\/p>\n<p style=\"text-align: justify\">\n<hr \/>\n<h3 style=\"text-align: justify\" data-start=\"1094\" data-end=\"1130\"><strong data-start=\"1098\" data-end=\"1130\">Condicionamentos de Tr\u00e2nsito<\/strong><\/h3>\n<p style=\"text-align: justify\" data-start=\"1131\" data-end=\"1285\">Durante o decorrer da prova, haver\u00e1 <strong data-start=\"1167\" data-end=\"1199\">tr\u00e2nsito proibido na EM 1175<\/strong>, que liga a localidade de <strong data-start=\"1226\" data-end=\"1251\">Vale de Seda \u00e0 EN 245<\/strong>, entre as <strong data-start=\"1262\" data-end=\"1282\">08h00 e as 17h00<\/strong>.<\/p>\n<p style=\"text-align: justify\" data-start=\"1287\" data-end=\"1384\">Aten\u00e7\u00e3o tamb\u00e9m para o <strong data-start=\"1309\" data-end=\"1331\">aumento de tr\u00e1fego<\/strong> em v\u00e1rias vias do concelho, com especial incid\u00eancia:<\/p>\n<ul style=\"text-align: justify\" data-start=\"1385\" data-end=\"1539\">\n<li data-start=\"1385\" data-end=\"1442\">\n<p data-start=\"1387\" data-end=\"1442\">no <strong data-start=\"1390\" data-end=\"1401\">CM 1081<\/strong>, entre <strong data-start=\"1409\" data-end=\"1439\">Fronteira e Cabe\u00e7o de Vide<\/strong>;<\/p>\n<\/li>\n<li data-start=\"1443\" data-end=\"1491\">\n<p data-start=\"1445\" data-end=\"1491\">na <strong data-start=\"1448\" data-end=\"1458\">EN 245<\/strong>, entre <strong data-start=\"1466\" data-end=\"1488\">Sousel e Fronteira<\/strong>;<\/p>\n<\/li>\n<li data-start=\"1492\" data-end=\"1539\">\n<p data-start=\"1494\" data-end=\"1539\">e junto \u00e0 <strong data-start=\"1504\" data-end=\"1536\">Zona Industrial de Fronteira<\/strong>.<\/p>\n<\/li>\n<\/ul>\n<p style=\"text-align: justify\" data-start=\"1541\" data-end=\"1670\">Solicita-se a todos os condutores que <strong data-start=\"1579\" data-end=\"1605\">circulem com precau\u00e7\u00e3o<\/strong> e sigam as indica\u00e7\u00f5es das autoridades e da organiza\u00e7\u00e3o da prova.<\/p>\n<h3 style=\"text-align: justify\" data-start=\"1672\" data-end=\"1719\"><strong data-start=\"1676\" data-end=\"1719\">Venha viver a emo\u00e7\u00e3o do todo-o-terreno!<\/strong><\/h3>\n<p style=\"text-align: justify\" data-start=\"1720\" data-end=\"1897\">A Baja Portalegre 500 \u00e9 uma oportunidade \u00fanica para assistir a um espet\u00e1culo de velocidade, resist\u00eancia e paix\u00e3o pelo desporto motorizado, num cen\u00e1rio emblem\u00e1tico do Alentejo.<\/p>\n<p data-start=\"1720\" data-end=\"1897\">\n<hr \/>\n<p data-start=\"1720\" data-end=\"1897\">Para mais informa\u00e7\u00f5es consulte o site oficial: <a href=\"https:\/\/www.bajaportalegre.com\/homepage.aspx?menuid=1\" target=\"_blank\" rel=\"noopener\"><strong>www.bajaportalegre.com<\/strong><\/a><\/p>\n<p><\/p>","protected":false},"excerpt":{"rendered":"<p>Fronteira volta a receber a passagem da m\u00edtica Baja Portalegre 500 j\u00e1 no pr\u00f3ximo dia 25 de outubro, num dos momentos mais aguardados da prova que marca o calend\u00e1rio nacional e internacional do todo-o-terreno. O Ponto de Interesse 11 estar\u00e1 localizado no espa\u00e7o das bp Ultimate 24 Horas TT Vila de Fronteira, junto \u00e0 Zona [&hellip;]<\/p>\n","protected":false},"author":5,"featured_media":0,"comment_status":"closed","ping_status":"closed","sticky":false,"template":"","format":"standard","meta":{"_acf_changed":false,"_exactmetrics_skip_tracking":false,"_exactmetrics_sitenote_active":false,"_exactmetrics_sitenote_note":"","_exactmetrics_sitenote_category":0,"footnotes":""},"categories":[1338],"tags":[],"class_list":["post-22807","post","type-post","status-publish","format-standard","hentry","category-lazer"],"acf":[],"_links":{"self":[{"href":"https:\/\/cm-fronteira.pt\/pt\/wp-json\/wp\/v2\/posts\/22807","targetHints":{"allow":["GET"]}}],"collection":[{"href":"https:\/\/cm-fronteira.pt\/pt\/wp-json\/wp\/v2\/posts"}],"about":[{"href":"https:\/\/cm-fronteira.pt\/pt\/wp-json\/wp\/v2\/types\/post"}],"author":[{"embeddable":true,"href":"https:\/\/cm-fronteira.pt\/pt\/wp-json\/wp\/v2\/users\/5"}],"replies":[{"embeddable":true,"href":"https:\/\/cm-fronteira.pt\/pt\/wp-json\/wp\/v2\/comments?post=22807"}],"version-history":[{"count":1,"href":"https:\/\/cm-fronteira.pt\/pt\/wp-json\/wp\/v2\/posts\/22807\/revisions"}],"predecessor-version":[{"id":22808,"href":"https:\/\/cm-fronteira.pt\/pt\/wp-json\/wp\/v2\/posts\/22807\/revisions\/22808"}],"wp:attachment":[{"href":"https:\/\/cm-fronteira.pt\/pt\/wp-json\/wp\/v2\/media?parent=22807"}],"wp:term":[{"taxonomy":"category","embeddable":true,"href":"https:\/\/cm-fronteira.pt\/pt\/wp-json\/wp\/v2\/categories?post=22807"},{"taxonomy":"post_tag","embeddable":true,"href":"https:\/\/cm-fronteira.pt\/pt\/wp-json\/wp\/v2\/tags?post=22807"}],"curies":[{"name":"wp","href":"https:\/\/api.w.org\/{rel}","templated":true}]}}