{"id":22608,"date":"2025-10-02T16:58:48","date_gmt":"2025-10-02T16:58:48","guid":{"rendered":"https:\/\/cm-fronteira.pt\/?p=22608"},"modified":"2025-10-02T16:59:30","modified_gmt":"2025-10-02T16:59:30","slug":"eleicoes-autarquicas-2025-voto-antecipado","status":"publish","type":"post","link":"https:\/\/cm-fronteira.pt\/pt\/eleicoes-autarquicas-2025-voto-antecipado\/","title":{"rendered":"Elei\u00e7\u00f5es Aut\u00e1rquicas 2025: Voto Antecipado"},"content":{"rendered":"<p><a href=\"https:\/\/cm-fronteira.pt\/wp-content\/uploads\/2025\/10\/INFO_voto-antecipado-profissionais.png\"><img loading=\"lazy\" decoding=\"async\" class=\"aligncenter size-large wp-image-22609\" src=\"https:\/\/cm-fronteira.pt\/wp-content\/uploads\/2025\/10\/INFO_voto-antecipado-profissionais-725x1024.png\" alt=\"\" width=\"725\" height=\"1024\" srcset=\"https:\/\/cm-fronteira.pt\/wp-content\/uploads\/2025\/10\/INFO_voto-antecipado-profissionais-725x1024.png 725w, https:\/\/cm-fronteira.pt\/wp-content\/uploads\/2025\/10\/INFO_voto-antecipado-profissionais-212x300.png 212w, https:\/\/cm-fronteira.pt\/wp-content\/uploads\/2025\/10\/INFO_voto-antecipado-profissionais-768x1085.png 768w, https:\/\/cm-fronteira.pt\/wp-content\/uploads\/2025\/10\/INFO_voto-antecipado-profissionais-1087x1536.png 1087w, https:\/\/cm-fronteira.pt\/wp-content\/uploads\/2025\/10\/INFO_voto-antecipado-profissionais.png 1241w\" sizes=\"auto, (max-width: 725px) 100vw, 725px\" \/><\/a><\/p>","protected":false},"excerpt":{"rendered":"","protected":false},"author":5,"featured_media":0,"comment_status":"closed","ping_status":"closed","sticky":false,"template":"","format":"standard","meta":{"_acf_changed":false,"_exactmetrics_skip_tracking":false,"_exactmetrics_sitenote_active":false,"_exactmetrics_sitenote_note":"","_exactmetrics_sitenote_category":0,"footnotes":""},"categories":[1336],"tags":[],"class_list":["post-22608","post","type-post","status-publish","format-standard","hentry","category-municipio"],"acf":[],"_links":{"self":[{"href":"https:\/\/cm-fronteira.pt\/pt\/wp-json\/wp\/v2\/posts\/22608","targetHints":{"allow":["GET"]}}],"collection":[{"href":"https:\/\/cm-fronteira.pt\/pt\/wp-json\/wp\/v2\/posts"}],"about":[{"href":"https:\/\/cm-fronteira.pt\/pt\/wp-json\/wp\/v2\/types\/post"}],"author":[{"embeddable":true,"href":"https:\/\/cm-fronteira.pt\/pt\/wp-json\/wp\/v2\/users\/5"}],"replies":[{"embeddable":true,"href":"https:\/\/cm-fronteira.pt\/pt\/wp-json\/wp\/v2\/comments?post=22608"}],"version-history":[{"count":2,"href":"https:\/\/cm-fronteira.pt\/pt\/wp-json\/wp\/v2\/posts\/22608\/revisions"}],"predecessor-version":[{"id":22612,"href":"https:\/\/cm-fronteira.pt\/pt\/wp-json\/wp\/v2\/posts\/22608\/revisions\/22612"}],"wp:attachment":[{"href":"https:\/\/cm-fronteira.pt\/pt\/wp-json\/wp\/v2\/media?parent=22608"}],"wp:term":[{"taxonomy":"category","embeddable":true,"href":"https:\/\/cm-fronteira.pt\/pt\/wp-json\/wp\/v2\/categories?post=22608"},{"taxonomy":"post_tag","embeddable":true,"href":"https:\/\/cm-fronteira.pt\/pt\/wp-json\/wp\/v2\/tags?post=22608"}],"curies":[{"name":"wp","href":"https:\/\/api.w.org\/{rel}","templated":true}]}}