{"id":22603,"date":"2025-10-02T09:16:29","date_gmt":"2025-10-02T09:16:29","guid":{"rendered":"https:\/\/cm-fronteira.pt\/?p=22603"},"modified":"2025-10-02T14:20:32","modified_gmt":"2025-10-02T14:20:32","slug":"campanha-oficial-de-vacinacao-antirrabica-2025-no-concelho-de-fronteira","status":"publish","type":"post","link":"https:\/\/cm-fronteira.pt\/pt\/campanha-oficial-de-vacinacao-antirrabica-2025-no-concelho-de-fronteira\/","title":{"rendered":"Campanha Oficial de Vacina\u00e7\u00e3o Antirr\u00e1bica 2025 no Concelho de Fronteira"},"content":{"rendered":"<p><\/p>\n<p style=\"text-align: justify\" data-start=\"201\" data-end=\"478\">No \u00e2mbito do <strong data-start=\"214\" data-end=\"316\">Programa Nacional de Luta e Vigil\u00e2ncia Epidemiol\u00f3gica da Raiva Animal e Outras Zoonoses (PNLVERAZ)<\/strong>, ir\u00e1 decorrer no concelho de Fronteira a <strong data-start=\"358\" data-end=\"408\">Campanha Oficial de Vacina\u00e7\u00e3o Antirr\u00e1bica 2025<\/strong>, organizada pela Dire\u00e7\u00e3o-Geral de Alimenta\u00e7\u00e3o e Veterin\u00e1ria (DGAV).<\/p>\n<p style=\"text-align: justify\" data-start=\"480\" data-end=\"766\">A vacina\u00e7\u00e3o \u00e9 <strong data-start=\"494\" data-end=\"560\">obrigat\u00f3ria para todos os c\u00e3es com mais de tr\u00eas meses de idade<\/strong>, n\u00e3o sendo admitida a sua aus\u00eancia. Durante a campanha ser\u00e3o tamb\u00e9m assegurados servi\u00e7os de <strong data-start=\"653\" data-end=\"693\">identifica\u00e7\u00e3o eletr\u00f3nica (microchip)<\/strong> e <strong data-start=\"696\" data-end=\"763\">registo no SIAC (Sistema de Informa\u00e7\u00e3o de Animais de Companhia)<\/strong>.<\/p>\n<h3 data-start=\"768\" data-end=\"807\">Calend\u00e1rio no concelho de Fronteira<\/h3>\n<ul data-start=\"809\" data-end=\"1132\">\n<li data-start=\"809\" data-end=\"885\">\n<p data-start=\"811\" data-end=\"885\"><strong data-start=\"811\" data-end=\"836\">13 de outubro \u2013 10h00<\/strong><br data-start=\"836\" data-end=\"839\" \/>Cabe\u00e7o de Vide \u2013 Parque de M\u00e1quinas da CMF<\/p>\n<\/li>\n<li data-start=\"887\" data-end=\"956\">\n<p data-start=\"889\" data-end=\"956\"><strong data-start=\"889\" data-end=\"914\">14 de outubro \u2013 10h00<\/strong><br data-start=\"914\" data-end=\"917\" \/>Fronteira \u2013 CROAC (Canil Municipal)<\/p>\n<\/li>\n<li data-start=\"958\" data-end=\"1054\">\n<p data-start=\"960\" data-end=\"1054\"><strong data-start=\"960\" data-end=\"985\">15 de outubro \u2013 10h00<\/strong><br data-start=\"985\" data-end=\"988\" \/>S\u00e3o Saturnino \/ Vale de Maceiras \u2013 Cas\u00e3o da Junta de Freguesia<\/p>\n<\/li>\n<li data-start=\"1056\" data-end=\"1132\">\n<p data-start=\"1058\" data-end=\"1132\"><strong data-start=\"1058\" data-end=\"1083\">16 de outubro \u2013 10h00<\/strong><br data-start=\"1083\" data-end=\"1086\" \/>Fronteira \/ Vale de Seda \u2013 Largo Principal<\/p>\n<\/li>\n<\/ul>\n<p style=\"text-align: justify\" data-start=\"1134\" data-end=\"1359\">Al\u00e9m destas datas, a vacina\u00e7\u00e3o poder\u00e1 tamb\u00e9m ser realizada na <strong data-start=\"1196\" data-end=\"1259\">primeira segunda-feira de cada m\u00eas, entre as 8h30 e as 9h30<\/strong>, mediante contacto pr\u00e9vio atrav\u00e9s do n\u00famero <strong data-start=\"1304\" data-end=\"1319\">916 666 992<\/strong><\/p>\n<p><\/p>","protected":false},"excerpt":{"rendered":"<p>No \u00e2mbito do Programa Nacional de Luta e Vigil\u00e2ncia Epidemiol\u00f3gica da Raiva Animal e Outras Zoonoses (PNLVERAZ), ir\u00e1 decorrer no concelho de Fronteira a Campanha Oficial de Vacina\u00e7\u00e3o Antirr\u00e1bica 2025, organizada pela Dire\u00e7\u00e3o-Geral de Alimenta\u00e7\u00e3o e Veterin\u00e1ria (DGAV). A vacina\u00e7\u00e3o \u00e9 obrigat\u00f3ria para todos os c\u00e3es com mais de tr\u00eas meses de idade, n\u00e3o sendo [&hellip;]<\/p>\n","protected":false},"author":5,"featured_media":0,"comment_status":"closed","ping_status":"closed","sticky":false,"template":"","format":"standard","meta":{"_acf_changed":false,"_exactmetrics_skip_tracking":false,"_exactmetrics_sitenote_active":false,"_exactmetrics_sitenote_note":"","_exactmetrics_sitenote_category":0,"footnotes":""},"categories":[1345],"tags":[],"class_list":["post-22603","post","type-post","status-publish","format-standard","hentry","category-saude-publica"],"acf":[],"_links":{"self":[{"href":"https:\/\/cm-fronteira.pt\/pt\/wp-json\/wp\/v2\/posts\/22603","targetHints":{"allow":["GET"]}}],"collection":[{"href":"https:\/\/cm-fronteira.pt\/pt\/wp-json\/wp\/v2\/posts"}],"about":[{"href":"https:\/\/cm-fronteira.pt\/pt\/wp-json\/wp\/v2\/types\/post"}],"author":[{"embeddable":true,"href":"https:\/\/cm-fronteira.pt\/pt\/wp-json\/wp\/v2\/users\/5"}],"replies":[{"embeddable":true,"href":"https:\/\/cm-fronteira.pt\/pt\/wp-json\/wp\/v2\/comments?post=22603"}],"version-history":[{"count":4,"href":"https:\/\/cm-fronteira.pt\/pt\/wp-json\/wp\/v2\/posts\/22603\/revisions"}],"predecessor-version":[{"id":22607,"href":"https:\/\/cm-fronteira.pt\/pt\/wp-json\/wp\/v2\/posts\/22603\/revisions\/22607"}],"wp:attachment":[{"href":"https:\/\/cm-fronteira.pt\/pt\/wp-json\/wp\/v2\/media?parent=22603"}],"wp:term":[{"taxonomy":"category","embeddable":true,"href":"https:\/\/cm-fronteira.pt\/pt\/wp-json\/wp\/v2\/categories?post=22603"},{"taxonomy":"post_tag","embeddable":true,"href":"https:\/\/cm-fronteira.pt\/pt\/wp-json\/wp\/v2\/tags?post=22603"}],"curies":[{"name":"wp","href":"https:\/\/api.w.org\/{rel}","templated":true}]}}