{"id":22441,"date":"2025-09-05T11:18:23","date_gmt":"2025-09-05T11:18:23","guid":{"rendered":"https:\/\/cm-fronteira.pt\/?p=22441"},"modified":"2025-09-05T14:01:55","modified_gmt":"2025-09-05T14:01:55","slug":"22441","status":"publish","type":"post","link":"https:\/\/cm-fronteira.pt\/pt\/22441\/","title":{"rendered":"Consulta P\u00fablica &#8211; Programa Sub-Regional de A\u00e7\u00e3o de Gest\u00e3o Integrada de Fogos Rurais do Alto Alentejo"},"content":{"rendered":"<p><\/p>\n<h3 style=\"text-align: justify\">S\u00e3o submetidos a consulta p\u00fablica o <strong>Programa Sub-regional de A\u00e7\u00e3o do Alto Alentejo<\/strong>, instrumento de programa\u00e7\u00e3o do Sistema de Gest\u00e3o Integrada de Fogos Rurais (SGIFR)<\/h3>\n<p style=\"text-align: justify\"><strong>1)<\/strong> Plano Sub-regional de A\u00e7\u00e3o (PSA);<\/p>\n<p style=\"text-align: justify\"><strong>2)<\/strong> Anexos com os pressupostos espec\u00edficos;<\/p>\n<p style=\"text-align: justify\"><strong>3)<\/strong> Mapas:<\/p>\n<ol style=\"text-align: justify\">\n<li>a) Rede Secund\u00e1ria de Faixas de Gest\u00e3o de Combust\u00edveis (RSFGC);<\/li>\n<li>b) Rede de Ponto de \u00c1gua (RPA);<\/li>\n<li>c) Rede Vi\u00e1ria Florestal (RVF);<\/li>\n<li>d) Rede de Vigil\u00e2ncia e Dete\u00e7\u00e3o de Inc\u00eandios (Rede Nacional de Postos de Vigia);<\/li>\n<li>e) \u00c1reas Priorit\u00e1rios de Preven\u00e7\u00e3o e Seguran\u00e7a (APPS);<\/li>\n<li>f) \u00c1reas Estrat\u00e9gicas de Mosaicos de Gest\u00e3o de Combust\u00edveis (AEMGC).<\/li>\n<\/ol>\n<hr \/>\n<p style=\"text-align: justify\">As suas sugest\u00f5es dever\u00e3o ser dirigidas \u00e0 Vice-Presidente do Conselho Intermunicipal, Fermelinda de Jesus Pombo Carvalho, atrav\u00e9s do correio eletr\u00f3nico\u00a0<a href=\"mailto:geral@cimaa.pt\">geral@cimaa.pt<\/a>, no prazo estabelecido no aviso.<\/p>\n<p><\/p>","protected":false},"excerpt":{"rendered":"<p>S\u00e3o submetidos a consulta p\u00fablica o Programa Sub-regional de A\u00e7\u00e3o do Alto Alentejo, instrumento de programa\u00e7\u00e3o do Sistema de Gest\u00e3o Integrada de Fogos Rurais (SGIFR) 1) Plano Sub-regional de A\u00e7\u00e3o (PSA); 2) Anexos com os pressupostos espec\u00edficos; 3) Mapas: a) Rede Secund\u00e1ria de Faixas de Gest\u00e3o de Combust\u00edveis (RSFGC); b) Rede de Ponto de \u00c1gua [&hellip;]<\/p>\n","protected":false},"author":5,"featured_media":0,"comment_status":"closed","ping_status":"closed","sticky":false,"template":"","format":"standard","meta":{"_acf_changed":false,"_exactmetrics_skip_tracking":false,"_exactmetrics_sitenote_active":false,"_exactmetrics_sitenote_note":"","_exactmetrics_sitenote_category":0,"footnotes":""},"categories":[1343],"tags":[],"class_list":["post-22441","post","type-post","status-publish","format-standard","hentry","category-protecao-civil"],"acf":[],"_links":{"self":[{"href":"https:\/\/cm-fronteira.pt\/pt\/wp-json\/wp\/v2\/posts\/22441","targetHints":{"allow":["GET"]}}],"collection":[{"href":"https:\/\/cm-fronteira.pt\/pt\/wp-json\/wp\/v2\/posts"}],"about":[{"href":"https:\/\/cm-fronteira.pt\/pt\/wp-json\/wp\/v2\/types\/post"}],"author":[{"embeddable":true,"href":"https:\/\/cm-fronteira.pt\/pt\/wp-json\/wp\/v2\/users\/5"}],"replies":[{"embeddable":true,"href":"https:\/\/cm-fronteira.pt\/pt\/wp-json\/wp\/v2\/comments?post=22441"}],"version-history":[{"count":6,"href":"https:\/\/cm-fronteira.pt\/pt\/wp-json\/wp\/v2\/posts\/22441\/revisions"}],"predecessor-version":[{"id":22475,"href":"https:\/\/cm-fronteira.pt\/pt\/wp-json\/wp\/v2\/posts\/22441\/revisions\/22475"}],"wp:attachment":[{"href":"https:\/\/cm-fronteira.pt\/pt\/wp-json\/wp\/v2\/media?parent=22441"}],"wp:term":[{"taxonomy":"category","embeddable":true,"href":"https:\/\/cm-fronteira.pt\/pt\/wp-json\/wp\/v2\/categories?post=22441"},{"taxonomy":"post_tag","embeddable":true,"href":"https:\/\/cm-fronteira.pt\/pt\/wp-json\/wp\/v2\/tags?post=22441"}],"curies":[{"name":"wp","href":"https:\/\/api.w.org\/{rel}","templated":true}]}}