{"id":22377,"date":"2025-08-06T10:39:31","date_gmt":"2025-08-06T10:39:31","guid":{"rendered":"https:\/\/cm-fronteira.pt\/?p=22377"},"modified":"2025-08-06T10:46:48","modified_gmt":"2025-08-06T10:46:48","slug":"eleicoes-autarquicas-2025","status":"publish","type":"post","link":"https:\/\/cm-fronteira.pt\/pt\/eleicoes-autarquicas-2025\/","title":{"rendered":"Elei\u00e7\u00f5es Aut\u00e1rquicas 2025"},"content":{"rendered":"<p><\/p>\n<p style=\"text-align: justify\">As elei\u00e7\u00f5es aut\u00e1rquicas portuguesas de 2025, ou elei\u00e7\u00f5es para as C\u00e2maras Municipais, Assembleias Municipais, Juntas de Freguesia e Assembleias de Freguesias ser\u00e3o realizadas a <strong>12 de outubro de 2025.<\/strong><\/p>\n<p><\/p>","protected":false},"excerpt":{"rendered":"<p>As elei\u00e7\u00f5es aut\u00e1rquicas portuguesas de 2025, ou elei\u00e7\u00f5es para as C\u00e2maras Municipais, Assembleias Municipais, Juntas de Freguesia e Assembleias de Freguesias ser\u00e3o realizadas a 12 de outubro de 2025.<\/p>\n","protected":false},"author":5,"featured_media":0,"comment_status":"closed","ping_status":"closed","sticky":false,"template":"","format":"standard","meta":{"_acf_changed":false,"_exactmetrics_skip_tracking":false,"_exactmetrics_sitenote_active":false,"_exactmetrics_sitenote_note":"","_exactmetrics_sitenote_category":0,"footnotes":""},"categories":[1],"tags":[],"class_list":["post-22377","post","type-post","status-publish","format-standard","hentry","category-sem-categoria"],"acf":[],"_links":{"self":[{"href":"https:\/\/cm-fronteira.pt\/pt\/wp-json\/wp\/v2\/posts\/22377","targetHints":{"allow":["GET"]}}],"collection":[{"href":"https:\/\/cm-fronteira.pt\/pt\/wp-json\/wp\/v2\/posts"}],"about":[{"href":"https:\/\/cm-fronteira.pt\/pt\/wp-json\/wp\/v2\/types\/post"}],"author":[{"embeddable":true,"href":"https:\/\/cm-fronteira.pt\/pt\/wp-json\/wp\/v2\/users\/5"}],"replies":[{"embeddable":true,"href":"https:\/\/cm-fronteira.pt\/pt\/wp-json\/wp\/v2\/comments?post=22377"}],"version-history":[{"count":2,"href":"https:\/\/cm-fronteira.pt\/pt\/wp-json\/wp\/v2\/posts\/22377\/revisions"}],"predecessor-version":[{"id":22379,"href":"https:\/\/cm-fronteira.pt\/pt\/wp-json\/wp\/v2\/posts\/22377\/revisions\/22379"}],"wp:attachment":[{"href":"https:\/\/cm-fronteira.pt\/pt\/wp-json\/wp\/v2\/media?parent=22377"}],"wp:term":[{"taxonomy":"category","embeddable":true,"href":"https:\/\/cm-fronteira.pt\/pt\/wp-json\/wp\/v2\/categories?post=22377"},{"taxonomy":"post_tag","embeddable":true,"href":"https:\/\/cm-fronteira.pt\/pt\/wp-json\/wp\/v2\/tags?post=22377"}],"curies":[{"name":"wp","href":"https:\/\/api.w.org\/{rel}","templated":true}]}}