{"id":22318,"date":"2025-12-04T12:00:09","date_gmt":"2025-12-04T12:00:09","guid":{"rendered":"https:\/\/cm-fronteira.pt\/?p=22318"},"modified":"2025-12-04T15:57:39","modified_gmt":"2025-12-04T15:57:39","slug":"venda-em-hasta-publica-de-lote-de-terreno-na-rua-dr-luis-de-lemos","status":"publish","type":"post","link":"https:\/\/cm-fronteira.pt\/pt\/venda-em-hasta-publica-de-lote-de-terreno-na-rua-dr-luis-de-lemos\/","title":{"rendered":"Venda em hasta p\u00fablica de lote de terreno na Rua Dr. Lu\u00eds de Lemos"},"content":{"rendered":"<p><\/p>\n<p data-start=\"110\" data-end=\"323\">A C\u00e2mara Municipal de Fronteira deliberou, na reuni\u00e3o realizada no passado dia <strong data-start=\"189\" data-end=\"215\">13 de novembro de 2025<\/strong>, avan\u00e7ar com a venda, por <strong data-start=\"242\" data-end=\"259\">hasta p\u00fablica<\/strong>, de um lote de terreno localizado na <strong data-start=\"297\" data-end=\"322\">Rua Dr. Lu\u00eds de Lemos<\/strong>.<\/p>\n<p data-start=\"325\" data-end=\"788\">De acordo com a autarquia, a aliena\u00e7\u00e3o ser\u00e1 efetuada segundo as <strong data-start=\"389\" data-end=\"409\">condi\u00e7\u00f5es gerais<\/strong> estabelecidas para o procedimento, as quais se encontram dispon\u00edveis para consulta neste site e presencialmente na <strong data-start=\"525\" data-end=\"564\">Divis\u00e3o Administrativa e Financeira<\/strong>, situada no <strong data-start=\"577\" data-end=\"607\">Edif\u00edcio Pa\u00e7os do Concelho<\/strong>, em Fronteira. Os interessados podem obter informa\u00e7\u00f5es nos dias \u00fateis, entre as <strong data-start=\"688\" data-end=\"707\">9h00 e as 13h00<\/strong> e das <strong data-start=\"714\" data-end=\"732\">14h00 \u00e0s 17h00<\/strong>, at\u00e9 \u00e0 v\u00e9spera da realiza\u00e7\u00e3o da pra\u00e7a da hasta p\u00fablica.<\/p>\n<p data-start=\"790\" data-end=\"1006\">O lote de terreno em causa destina-se \u00e0 <strong data-start=\"830\" data-end=\"921\">implementa\u00e7\u00e3o de edif\u00edcios e instala\u00e7\u00f5es para ind\u00fastrias, com\u00e9rcio, servi\u00e7os e armaz\u00e9ns.<\/strong><\/p>\n<p><\/p>","protected":false},"excerpt":{"rendered":"<p>A C\u00e2mara Municipal de Fronteira deliberou, na reuni\u00e3o realizada no passado dia 13 de novembro de 2025, avan\u00e7ar com a venda, por hasta p\u00fablica, de um lote de terreno localizado na Rua Dr. Lu\u00eds de Lemos. De acordo com a autarquia, a aliena\u00e7\u00e3o ser\u00e1 efetuada segundo as condi\u00e7\u00f5es gerais estabelecidas para o procedimento, as quais [&hellip;]<\/p>\n","protected":false},"author":5,"featured_media":0,"comment_status":"closed","ping_status":"closed","sticky":false,"template":"","format":"standard","meta":{"_acf_changed":false,"_exactmetrics_skip_tracking":false,"_exactmetrics_sitenote_active":false,"_exactmetrics_sitenote_note":"","_exactmetrics_sitenote_category":0,"footnotes":""},"categories":[1],"tags":[],"class_list":["post-22318","post","type-post","status-publish","format-standard","hentry","category-sem-categoria"],"acf":[],"_links":{"self":[{"href":"https:\/\/cm-fronteira.pt\/pt\/wp-json\/wp\/v2\/posts\/22318","targetHints":{"allow":["GET"]}}],"collection":[{"href":"https:\/\/cm-fronteira.pt\/pt\/wp-json\/wp\/v2\/posts"}],"about":[{"href":"https:\/\/cm-fronteira.pt\/pt\/wp-json\/wp\/v2\/types\/post"}],"author":[{"embeddable":true,"href":"https:\/\/cm-fronteira.pt\/pt\/wp-json\/wp\/v2\/users\/5"}],"replies":[{"embeddable":true,"href":"https:\/\/cm-fronteira.pt\/pt\/wp-json\/wp\/v2\/comments?post=22318"}],"version-history":[{"count":2,"href":"https:\/\/cm-fronteira.pt\/pt\/wp-json\/wp\/v2\/posts\/22318\/revisions"}],"predecessor-version":[{"id":23237,"href":"https:\/\/cm-fronteira.pt\/pt\/wp-json\/wp\/v2\/posts\/22318\/revisions\/23237"}],"wp:attachment":[{"href":"https:\/\/cm-fronteira.pt\/pt\/wp-json\/wp\/v2\/media?parent=22318"}],"wp:term":[{"taxonomy":"category","embeddable":true,"href":"https:\/\/cm-fronteira.pt\/pt\/wp-json\/wp\/v2\/categories?post=22318"},{"taxonomy":"post_tag","embeddable":true,"href":"https:\/\/cm-fronteira.pt\/pt\/wp-json\/wp\/v2\/tags?post=22318"}],"curies":[{"name":"wp","href":"https:\/\/api.w.org\/{rel}","templated":true}]}}