{"id":22009,"date":"2025-04-07T11:14:09","date_gmt":"2025-04-07T11:14:09","guid":{"rendered":"https:\/\/cm-fronteira.pt\/?p=22009"},"modified":"2025-04-07T11:19:00","modified_gmt":"2025-04-07T11:19:00","slug":"nossa-senhora-da-vila-velha-e-santuario-jubilar","status":"publish","type":"post","link":"https:\/\/cm-fronteira.pt\/pt\/nossa-senhora-da-vila-velha-e-santuario-jubilar\/","title":{"rendered":"Nossa Senhora da Vila Velha \u00e9 Santu\u00e1rio Jubilar."},"content":{"rendered":"<p><\/p>\n<div class=\"x11i5rnm xat24cr x1mh8g0r x1vvkbs xtlvy1s x126k92a\">\n<div dir=\"auto\" style=\"text-align: justify\">Fronteira recebeu no dia 04 de abril, com muita alegria, a not\u00edcia de que <strong>a Igreja de Nossa Senhora da Vila Velha foi proclamada oficialmente Santu\u00e1rio Jubilar.<\/strong><\/div>\n<\/div>\n<div class=\"x11i5rnm xat24cr x1mh8g0r x1vvkbs xtlvy1s x126k92a\">\n<div dir=\"auto\" style=\"text-align: justify\">\u00c9, por isso, com muito orgulho que vemos reconhecida a import\u00e2ncia deste s\u00edtio como local de grande devo\u00e7\u00e3o, peregrina\u00e7\u00e3o e culto, n\u00e3o s\u00f3 para os Fronteirenses como para muitos outros crist\u00e3os que o visitam e frequentam.<\/div>\n<\/div>\n<p><\/p>","protected":false},"excerpt":{"rendered":"<p>Fronteira recebeu no dia 04 de abril, com muita alegria, a not\u00edcia de que a Igreja de Nossa Senhora da Vila Velha foi proclamada oficialmente Santu\u00e1rio Jubilar. \u00c9, por isso, com muito orgulho que vemos reconhecida a import\u00e2ncia deste s\u00edtio como local de grande devo\u00e7\u00e3o, peregrina\u00e7\u00e3o e culto, n\u00e3o s\u00f3 para os Fronteirenses como para [&hellip;]<\/p>\n","protected":false},"author":5,"featured_media":0,"comment_status":"closed","ping_status":"closed","sticky":false,"template":"","format":"standard","meta":{"_acf_changed":false,"_exactmetrics_skip_tracking":false,"_exactmetrics_sitenote_active":false,"_exactmetrics_sitenote_note":"","_exactmetrics_sitenote_category":0,"footnotes":""},"categories":[1],"tags":[],"class_list":["post-22009","post","type-post","status-publish","format-standard","hentry","category-sem-categoria"],"acf":[],"_links":{"self":[{"href":"https:\/\/cm-fronteira.pt\/pt\/wp-json\/wp\/v2\/posts\/22009","targetHints":{"allow":["GET"]}}],"collection":[{"href":"https:\/\/cm-fronteira.pt\/pt\/wp-json\/wp\/v2\/posts"}],"about":[{"href":"https:\/\/cm-fronteira.pt\/pt\/wp-json\/wp\/v2\/types\/post"}],"author":[{"embeddable":true,"href":"https:\/\/cm-fronteira.pt\/pt\/wp-json\/wp\/v2\/users\/5"}],"replies":[{"embeddable":true,"href":"https:\/\/cm-fronteira.pt\/pt\/wp-json\/wp\/v2\/comments?post=22009"}],"version-history":[{"count":3,"href":"https:\/\/cm-fronteira.pt\/pt\/wp-json\/wp\/v2\/posts\/22009\/revisions"}],"predecessor-version":[{"id":22015,"href":"https:\/\/cm-fronteira.pt\/pt\/wp-json\/wp\/v2\/posts\/22009\/revisions\/22015"}],"wp:attachment":[{"href":"https:\/\/cm-fronteira.pt\/pt\/wp-json\/wp\/v2\/media?parent=22009"}],"wp:term":[{"taxonomy":"category","embeddable":true,"href":"https:\/\/cm-fronteira.pt\/pt\/wp-json\/wp\/v2\/categories?post=22009"},{"taxonomy":"post_tag","embeddable":true,"href":"https:\/\/cm-fronteira.pt\/pt\/wp-json\/wp\/v2\/tags?post=22009"}],"curies":[{"name":"wp","href":"https:\/\/api.w.org\/{rel}","templated":true}]}}