{"id":21993,"date":"2025-03-28T17:58:30","date_gmt":"2025-03-28T17:58:30","guid":{"rendered":"https:\/\/cm-fronteira.pt\/?p=21993"},"modified":"2025-03-28T17:58:30","modified_gmt":"2025-03-28T17:58:30","slug":"reuniao-de-trabalho-com-o-conselho-de-administracao-da-ulsaa","status":"publish","type":"post","link":"https:\/\/cm-fronteira.pt\/pt\/reuniao-de-trabalho-com-o-conselho-de-administracao-da-ulsaa\/","title":{"rendered":"Reuni\u00e3o de Trabalho com o Conselho de Administra\u00e7\u00e3o da ULSAA"},"content":{"rendered":"<p><\/p>\n<p style=\"text-align: justify\">O Presidente da C\u00e2mara Municipal de Fronteira, Ant\u00f3nio Velez Gomes, reuniu hoje com o Presidente do Conselho de Administra\u00e7\u00e3o da ULSAA, Dr. Jos\u00e9 Miguel Costa Lopes, na sequ\u00eancia dos contactos que t\u00eam vindo a ser desenvolvidos entre as duas entidades, com vista a trabalhar em solu\u00e7\u00f5es para os problemas que mais afetam atualmente a Sa\u00fade no Concelho de Fronteira. Foi na ocasi\u00e3o informado que, no que respeita \u00e0 necessidade de substitui\u00e7\u00e3o do m\u00e9dico afeto \u00e0 Freguesia de Cabe\u00e7o de Vide, a qual se encontra neste momento sem qualquer cl\u00ednico assistente, a ULSAA est\u00e1 a trabalhar no sentido de conseguir a coloca\u00e7\u00e3o de um especialista de Medicina Geral e Familiar que assegure o acompanhamento dos 920 utentes desta Freguesia, prevendo-se ter j\u00e1 na pr\u00f3xima semana resposta para esta quest\u00e3o. O Sr. Presidente manifestou uma vez mais a total disponibilidade do Munic\u00edpio, neste caso em particular atrav\u00e9s da ced\u00eancia de transporte (viatura e motorista) para desloca\u00e7\u00e3o do m\u00e9dico a colocar (entre a sua resid\u00eancia e os Servi\u00e7os), facto que o Sr. Presidente da ULSAA referiu ser de grande relev\u00e2ncia e que poder\u00e1 fazer toda a diferen\u00e7a na resolu\u00e7\u00e3o do problema. A par das consultas presenciais, que se pretende que venham a acontecer muito em breve nesta Extens\u00e3o de Sa\u00fade, abordou-se ainda a possibilidade de complementar as mesmas com consultas em regime de Teleassist\u00eancia, a realizar na referida Extens\u00e3o e com acompanhamento de Enfermeiro, \u00e0 semelhan\u00e7a do que j\u00e1 est\u00e1 implementado em algumas localidades do distrito, solu\u00e7\u00e3o que se tem revelado de grande utilidade e agrado dos utentes.<\/p>\n<p style=\"text-align: justify\">Solicitou-se ainda que fosse tido em considera\u00e7\u00e3o que os 190 utentes da Freguesia de S. Saturnino disp\u00f5em apenas de consultas presenciais 1 vez por m\u00eas na extens\u00e3o de Sa\u00fade de Vale de Maceiras, o que tendo em conta as caracter\u00edsticas da maioria da sua popula\u00e7\u00e3o \u00e9 manifestamente insuficiente.<\/p>\n<p style=\"text-align: justify\">Por fim, e relativamente \u00e0 necessidade de interven\u00e7\u00e3o identificada para o Centro de Sa\u00fade de Fronteira, foi referido que se encontra neste momento a ser elaborado o projeto t\u00e9cnico, o qual deve ficar conclu\u00eddo num prazo m\u00e1ximo de 17 dias, e ao que se seguir\u00e1 a apresenta\u00e7\u00e3o do mesmo para valida\u00e7\u00e3o pelas entidades competentes. De seguida dar-se-\u00e1 in\u00edcio ao procedimento de contrata\u00e7\u00e3o para a realiza\u00e7\u00e3o das respetivas obras e aquisi\u00e7\u00e3o de equipamentos.<\/p>\n<p style=\"text-align: justify\">A reuni\u00e3o de trabalho revelou-se, assim, bastante positiva, no sentido em que foram obtidas respostas concretas sobre o ponto de situa\u00e7\u00e3o dos assuntos que t\u00eam vindo a ser trabalhados e que, fruto do empenho e colabora\u00e7\u00e3o das duas entidades, t\u00eam solu\u00e7\u00f5es efectivas \u00e0 vista.<\/p>\n<p><\/p>","protected":false},"excerpt":{"rendered":"<p>O Presidente da C\u00e2mara Municipal de Fronteira, Ant\u00f3nio Velez Gomes, reuniu hoje com o Presidente do Conselho de Administra\u00e7\u00e3o da ULSAA, Dr. Jos\u00e9 Miguel Costa Lopes, na sequ\u00eancia dos contactos que t\u00eam vindo a ser desenvolvidos entre as duas entidades, com vista a trabalhar em solu\u00e7\u00f5es para os problemas que mais afetam atualmente a Sa\u00fade [&hellip;]<\/p>\n","protected":false},"author":5,"featured_media":0,"comment_status":"closed","ping_status":"closed","sticky":false,"template":"","format":"standard","meta":{"_acf_changed":false,"_exactmetrics_skip_tracking":false,"_exactmetrics_sitenote_active":false,"_exactmetrics_sitenote_note":"","_exactmetrics_sitenote_category":0,"footnotes":""},"categories":[1],"tags":[],"class_list":["post-21993","post","type-post","status-publish","format-standard","hentry","category-sem-categoria"],"acf":[],"_links":{"self":[{"href":"https:\/\/cm-fronteira.pt\/pt\/wp-json\/wp\/v2\/posts\/21993","targetHints":{"allow":["GET"]}}],"collection":[{"href":"https:\/\/cm-fronteira.pt\/pt\/wp-json\/wp\/v2\/posts"}],"about":[{"href":"https:\/\/cm-fronteira.pt\/pt\/wp-json\/wp\/v2\/types\/post"}],"author":[{"embeddable":true,"href":"https:\/\/cm-fronteira.pt\/pt\/wp-json\/wp\/v2\/users\/5"}],"replies":[{"embeddable":true,"href":"https:\/\/cm-fronteira.pt\/pt\/wp-json\/wp\/v2\/comments?post=21993"}],"version-history":[{"count":1,"href":"https:\/\/cm-fronteira.pt\/pt\/wp-json\/wp\/v2\/posts\/21993\/revisions"}],"predecessor-version":[{"id":21998,"href":"https:\/\/cm-fronteira.pt\/pt\/wp-json\/wp\/v2\/posts\/21993\/revisions\/21998"}],"wp:attachment":[{"href":"https:\/\/cm-fronteira.pt\/pt\/wp-json\/wp\/v2\/media?parent=21993"}],"wp:term":[{"taxonomy":"category","embeddable":true,"href":"https:\/\/cm-fronteira.pt\/pt\/wp-json\/wp\/v2\/categories?post=21993"},{"taxonomy":"post_tag","embeddable":true,"href":"https:\/\/cm-fronteira.pt\/pt\/wp-json\/wp\/v2\/tags?post=21993"}],"curies":[{"name":"wp","href":"https:\/\/api.w.org\/{rel}","templated":true}]}}