{"id":21699,"date":"2025-01-27T15:11:07","date_gmt":"2025-01-27T15:11:07","guid":{"rendered":"https:\/\/cm-fronteira.pt\/?p=21699"},"modified":"2025-01-27T15:28:49","modified_gmt":"2025-01-27T15:28:49","slug":"plano-municipal-de-emergencia-de-protecao-civil","status":"publish","type":"post","link":"https:\/\/cm-fronteira.pt\/pt\/plano-municipal-de-emergencia-de-protecao-civil\/","title":{"rendered":"Plano Municipal de Emerg\u00eancia de Prote\u00e7\u00e3o Civil"},"content":{"rendered":"<p><\/p>\n<p style=\"text-align: justify\">Ant\u00f3nio Velez Gomes, Presidente da C\u00e2mara Municipal de Fronteira, torna p\u00fablico que em reuni\u00e3o ordin\u00e1ria, realizada no dia 29 de novembro de 2024 foi aprovada por unanimidade a proposta do Plano Municipal de Emerg\u00eancia de Prote\u00e7\u00e3o Civil de Fronteira, e que esta se encontra em consulta p\u00fablica durante 30 dias consecutivos, contados a partir do dia seguinte \u00e0 publica\u00e7\u00e3o do presente <em>edital na 2. \u00aa s\u00e9rie do Di\u00e1rio da Rep\u00fablica. <\/em><\/p>\n<p style=\"text-align: justify\">Durante este per\u00edodo os interessados poder\u00e3o por escrito, formular sugest\u00f5es e observa\u00e7\u00f5es que possam ser consideradas no \u00e2mbito da elabora\u00e7\u00e3o do referido plano.<\/p>\n<p style=\"text-align: justify\">As participa\u00e7\u00f5es dever\u00e3o ser entregues em m\u00e3o, por correio eletr\u00f3nico para o endere\u00e7o <a href=\"http:\/\/munic\u00edpio@cm-fronteira.pt\"><strong>munic\u00edpio@cm-fronteira.pt<\/strong><\/a> ou por correio para o <strong>Munic\u00edpio de Fronteira, Pra\u00e7a do Munic\u00edpio, 7460-110 Fronteira. <\/strong><\/p>\n<p style=\"text-align: justify\">Durante aquele per\u00edodo os interessados poder\u00e3o ainda consultar no s\u00edtio da Internet; www.cm-fronteira.pt, a referida delibera\u00e7\u00e3o.<\/p>\n<hr \/>\n<p><a href=\"https:\/\/cm-fronteira.pt\/wp-content\/uploads\/2025\/01\/PMEPC_Aviso_111_2025_page-0001.jpg\"><img loading=\"lazy\" decoding=\"async\" class=\"aligncenter size-large wp-image-21696\" src=\"https:\/\/cm-fronteira.pt\/wp-content\/uploads\/2025\/01\/PMEPC_Aviso_111_2025_page-0001-725x1024.jpg\" alt=\"\" width=\"725\" height=\"1024\" srcset=\"https:\/\/cm-fronteira.pt\/wp-content\/uploads\/2025\/01\/PMEPC_Aviso_111_2025_page-0001-725x1024.jpg 725w, https:\/\/cm-fronteira.pt\/wp-content\/uploads\/2025\/01\/PMEPC_Aviso_111_2025_page-0001-212x300.jpg 212w, https:\/\/cm-fronteira.pt\/wp-content\/uploads\/2025\/01\/PMEPC_Aviso_111_2025_page-0001-768x1085.jpg 768w, https:\/\/cm-fronteira.pt\/wp-content\/uploads\/2025\/01\/PMEPC_Aviso_111_2025_page-0001-1087x1536.jpg 1087w, https:\/\/cm-fronteira.pt\/wp-content\/uploads\/2025\/01\/PMEPC_Aviso_111_2025_page-0001.jpg 1241w\" sizes=\"auto, (max-width: 725px) 100vw, 725px\" \/><\/a><\/p>","protected":false},"excerpt":{"rendered":"<p>Ant\u00f3nio Velez Gomes, Presidente da C\u00e2mara Municipal de Fronteira, torna p\u00fablico que em reuni\u00e3o ordin\u00e1ria, realizada no dia 29 de novembro de 2024 foi aprovada por unanimidade a proposta do Plano Municipal de Emerg\u00eancia de Prote\u00e7\u00e3o Civil de Fronteira, e que esta se encontra em consulta p\u00fablica durante 30 dias consecutivos, contados a partir do [&hellip;]<\/p>\n","protected":false},"author":5,"featured_media":0,"comment_status":"closed","ping_status":"closed","sticky":false,"template":"","format":"standard","meta":{"_acf_changed":false,"_exactmetrics_skip_tracking":false,"_exactmetrics_sitenote_active":false,"_exactmetrics_sitenote_note":"","_exactmetrics_sitenote_category":0,"footnotes":""},"categories":[],"tags":[],"class_list":["post-21699","post","type-post","status-publish","format-standard","hentry"],"acf":[],"_links":{"self":[{"href":"https:\/\/cm-fronteira.pt\/pt\/wp-json\/wp\/v2\/posts\/21699","targetHints":{"allow":["GET"]}}],"collection":[{"href":"https:\/\/cm-fronteira.pt\/pt\/wp-json\/wp\/v2\/posts"}],"about":[{"href":"https:\/\/cm-fronteira.pt\/pt\/wp-json\/wp\/v2\/types\/post"}],"author":[{"embeddable":true,"href":"https:\/\/cm-fronteira.pt\/pt\/wp-json\/wp\/v2\/users\/5"}],"replies":[{"embeddable":true,"href":"https:\/\/cm-fronteira.pt\/pt\/wp-json\/wp\/v2\/comments?post=21699"}],"version-history":[{"count":2,"href":"https:\/\/cm-fronteira.pt\/pt\/wp-json\/wp\/v2\/posts\/21699\/revisions"}],"predecessor-version":[{"id":21703,"href":"https:\/\/cm-fronteira.pt\/pt\/wp-json\/wp\/v2\/posts\/21699\/revisions\/21703"}],"wp:attachment":[{"href":"https:\/\/cm-fronteira.pt\/pt\/wp-json\/wp\/v2\/media?parent=21699"}],"wp:term":[{"taxonomy":"category","embeddable":true,"href":"https:\/\/cm-fronteira.pt\/pt\/wp-json\/wp\/v2\/categories?post=21699"},{"taxonomy":"post_tag","embeddable":true,"href":"https:\/\/cm-fronteira.pt\/pt\/wp-json\/wp\/v2\/tags?post=21699"}],"curies":[{"name":"wp","href":"https:\/\/api.w.org\/{rel}","templated":true}]}}