{"id":21660,"date":"2025-01-24T15:57:20","date_gmt":"2025-01-24T15:57:20","guid":{"rendered":"https:\/\/cm-fronteira.pt\/?p=21660"},"modified":"2025-01-24T16:05:30","modified_gmt":"2025-01-24T16:05:30","slug":"pisao-tomada-de-posicao-conjunta","status":"publish","type":"post","link":"https:\/\/cm-fronteira.pt\/pt\/pisao-tomada-de-posicao-conjunta\/","title":{"rendered":"Pis\u00e3o &#8211;  TOMADA DE POSI\u00c7\u00c3O CONJUNTA"},"content":{"rendered":"<p><\/p>\n<p style=\"text-align: justify\"><b>O Munic\u00edpio de Fronteira tem a profunda convic\u00e7\u00e3o que, com maior ou menor oposi\u00e7\u00e3o, o Empreendimento de Aproveitamento Hidr\u00e1ulico de Fins M\u00faltiplos do Crato \u2013 Barragem do Pis\u00e3o ir\u00e1 ser concretizado porque a prioridade ao desenvolvimento da nossa regi\u00e3o, as melhorias das condi\u00e7\u00f5es de vida das popula\u00e7\u00f5es, a par do respeito pelo ambiente, ir\u00e3o prevalecer.<\/b><\/p>\n<p style=\"text-align: justify\"><b>Sublinhamos que todo o processo foi conduzido acautelando todas as quest\u00f5es ambientais que adv\u00e9m da prossecu\u00e7\u00e3o deste investimento para o Alto Alentejo, respeitando escrupulosamente as normas e a legisla\u00e7\u00e3o em vigor.<\/b><\/p>\n<hr \/>\n<p dir=\"auto\"><a href=\"https:\/\/cm-fronteira.pt\/wp-content\/uploads\/2025\/01\/474515696_1005667834927558_8745853284335396000_n.jpg\"><img loading=\"lazy\" decoding=\"async\" class=\"aligncenter size-large wp-image-21663\" src=\"https:\/\/cm-fronteira.pt\/wp-content\/uploads\/2025\/01\/474515696_1005667834927558_8745853284335396000_n-1024x1024.jpg\" alt=\"\" width=\"1024\" height=\"1024\" srcset=\"https:\/\/cm-fronteira.pt\/wp-content\/uploads\/2025\/01\/474515696_1005667834927558_8745853284335396000_n-1024x1024.jpg 1024w, https:\/\/cm-fronteira.pt\/wp-content\/uploads\/2025\/01\/474515696_1005667834927558_8745853284335396000_n-300x300.jpg 300w, https:\/\/cm-fronteira.pt\/wp-content\/uploads\/2025\/01\/474515696_1005667834927558_8745853284335396000_n-150x150.jpg 150w, https:\/\/cm-fronteira.pt\/wp-content\/uploads\/2025\/01\/474515696_1005667834927558_8745853284335396000_n-768x768.jpg 768w, https:\/\/cm-fronteira.pt\/wp-content\/uploads\/2025\/01\/474515696_1005667834927558_8745853284335396000_n-1536x1536.jpg 1536w, https:\/\/cm-fronteira.pt\/wp-content\/uploads\/2025\/01\/474515696_1005667834927558_8745853284335396000_n-1320x1319.jpg 1320w, https:\/\/cm-fronteira.pt\/wp-content\/uploads\/2025\/01\/474515696_1005667834927558_8745853284335396000_n.jpg 1773w\" sizes=\"auto, (max-width: 1024px) 100vw, 1024px\" \/><\/a><\/p>\n<hr \/>\n<p class=\"xdj266r x11i5rnm xat24cr x1mh8g0r x1vvkbs x126k92a\" style=\"text-align: justify\"><strong>Barragem do Pis\u00e3o \u2013 Autarcas do Alto Alentejo empenhados em mais uma fase do projeto<\/strong><\/p>\n<p class=\"xdj266r x11i5rnm xat24cr x1mh8g0r x1vvkbs x126k92a\" style=\"text-align: justify\">A Comunidade Intermunicipal do Alto Alentejo (CIMAA), entidade gestora do projeto do Empreendimento de Aproveitamento Hidr\u00e1ulico de Fins M\u00faltiplos do Crato \u2013 Barragem do Pis\u00e3o, foi institu\u00edda nessa qualidade por decis\u00e3o do Governo da Rep\u00fablica atrav\u00e9s do Decreto-Lei n.\u00ba 62\/2022, de 26 de setembro. Tamb\u00e9m por decis\u00e3o do Governo da Rep\u00fablica nesse mesmo diploma foi considerado um empreendimento de interesse p\u00fablico nacional. Os 15 autarcas do Alto Alentejo est\u00e3o unidos e empenhados na concretiza\u00e7\u00e3o deste projeto de enorme relev\u00e2ncia para o desenvolvimento da nossa regi\u00e3o e esse empenho n\u00e3o abranda pela circunst\u00e2ncia de ter sido proferida agora decis\u00e3o do TAF de Castelo Branco que, dando parcial proced\u00eancia \u00e0 a\u00e7\u00e3o, decidiu pela anula\u00e7\u00e3o da DIA. A promessa de execu\u00e7\u00e3o deste projeto j\u00e1 perdura h\u00e1 cerca de 70 anos. \u00c9 muito tempo \u00e0 espera.<\/p>\n<p dir=\"auto\" style=\"text-align: justify\">A senten\u00e7a do TAF de Castelo Branco \u00e9 t\u00e3o s\u00f3 \u2013 a par de outros processos judiciais instaurados com a mesma finalidade \u2013 mais uma etapa neste longo processo. Dela cabe recurso que ser\u00e1, em tempo, interposto onde ir\u00e3o ser apresentados os fundamentos que sustentam a posi\u00e7\u00e3o da CIMAA, dos quais estamos profundamente convictos da sua total legalidade.<\/p>\n<p dir=\"auto\" style=\"text-align: justify\">Face ao exposto, e enquanto entidade representante dos Munic\u00edpios Associados, a CIMAA vem por este meio sublinhar que todo o processo foi conduzido acautelando todas as quest\u00f5es ambientais que adv\u00e9m da prossecu\u00e7\u00e3o deste investimento para o Alto Alentejo, respeitando escrupulosamente as normas e a legisla\u00e7\u00e3o em vigor. Refor\u00e7amos ainda a confian\u00e7a que depositamos em todo o trabalho efetuado pela APA, Minist\u00e9rio do Ambiente e A\u00e7\u00e3o Clim\u00e1tica, bem como as demais entidades envolvidas em todo o processo do investimento.<\/p>\n<p dir=\"auto\" style=\"text-align: justify\">Toda a estrutura, composta pela equipa t\u00e9cnica, entidades parceiras e governantes \u2013 da atual e da anterior legislatura \u2013, continua empenhada na concretiza\u00e7\u00e3o deste projeto que, dado a sua \u201ccomplexidade e dimens\u00e3o\u201d, \u00e9 normal estar sujeito a um maior escrut\u00ednio e processo burocr\u00e1tico. Estamos a dar passos no sentido de comunicar novos avan\u00e7os em breve.<\/p>\n<p class=\"x11i5rnm xat24cr x1mh8g0r x1vvkbs xtlvy1s x126k92a\" style=\"text-align: justify\">Leia o comunicado na totalidade no site da CIMAA: <span class=\"html-span xdj266r x11i5rnm xat24cr x1mh8g0r xexx8yu x4uap5 x18d9i69 xkhd6sd x1hl2dhg x16tdsg8 x1vvkbs\"><a class=\"x1i10hfl xjbqb8w x1ejq31n xd10rxx x1sy0etr x17r0tee x972fbf xcfux6l x1qhh985 xm0m39n x9f619 x1ypdohk xt0psk2 xe8uvvx xdj266r x11i5rnm xat24cr x1mh8g0r xexx8yu x4uap5 x18d9i69 xkhd6sd x16tdsg8 x1hl2dhg xggy1nq x1a2a7pz x1sur9pj xkrqix3 x1fey0fg x1s688f\" role=\"link\" href=\"https:\/\/www.cimaa.pt\/barragem-do-pisao-autarcas-do-alto-alentejo-empenhados-em-mais-uma-fase-do-projeto\/?fbclid=IwZXh0bgNhZW0CMTAAAR1Xzz0aMz1FpQwNUkqiBOH6dVKNoNmuSCNO6euo5rpf7aXq7Pxdc6dkrnc_aem_HV316yW8EnlnSTrQryNTBw\" target=\"_blank\" rel=\"nofollow noopener noreferrer\">https:\/\/www.cimaa.pt\/barragem-do-pisao-autarcas-do-alto&#8230;\/<\/a><\/span><\/p>\n<p><\/p>","protected":false},"excerpt":{"rendered":"<p>O Munic\u00edpio de Fronteira tem a profunda convic\u00e7\u00e3o que, com maior ou menor oposi\u00e7\u00e3o, o Empreendimento de Aproveitamento Hidr\u00e1ulico de Fins M\u00faltiplos do Crato \u2013 Barragem do Pis\u00e3o ir\u00e1 ser concretizado porque a prioridade ao desenvolvimento da nossa regi\u00e3o, as melhorias das condi\u00e7\u00f5es de vida das popula\u00e7\u00f5es, a par do respeito pelo ambiente, ir\u00e3o prevalecer. [&hellip;]<\/p>\n","protected":false},"author":5,"featured_media":0,"comment_status":"closed","ping_status":"closed","sticky":false,"template":"","format":"standard","meta":{"_acf_changed":false,"_exactmetrics_skip_tracking":false,"_exactmetrics_sitenote_active":false,"_exactmetrics_sitenote_note":"","_exactmetrics_sitenote_category":0,"footnotes":""},"categories":[1],"tags":[],"class_list":["post-21660","post","type-post","status-publish","format-standard","hentry","category-sem-categoria"],"acf":[],"_links":{"self":[{"href":"https:\/\/cm-fronteira.pt\/pt\/wp-json\/wp\/v2\/posts\/21660","targetHints":{"allow":["GET"]}}],"collection":[{"href":"https:\/\/cm-fronteira.pt\/pt\/wp-json\/wp\/v2\/posts"}],"about":[{"href":"https:\/\/cm-fronteira.pt\/pt\/wp-json\/wp\/v2\/types\/post"}],"author":[{"embeddable":true,"href":"https:\/\/cm-fronteira.pt\/pt\/wp-json\/wp\/v2\/users\/5"}],"replies":[{"embeddable":true,"href":"https:\/\/cm-fronteira.pt\/pt\/wp-json\/wp\/v2\/comments?post=21660"}],"version-history":[{"count":12,"href":"https:\/\/cm-fronteira.pt\/pt\/wp-json\/wp\/v2\/posts\/21660\/revisions"}],"predecessor-version":[{"id":21676,"href":"https:\/\/cm-fronteira.pt\/pt\/wp-json\/wp\/v2\/posts\/21660\/revisions\/21676"}],"wp:attachment":[{"href":"https:\/\/cm-fronteira.pt\/pt\/wp-json\/wp\/v2\/media?parent=21660"}],"wp:term":[{"taxonomy":"category","embeddable":true,"href":"https:\/\/cm-fronteira.pt\/pt\/wp-json\/wp\/v2\/categories?post=21660"},{"taxonomy":"post_tag","embeddable":true,"href":"https:\/\/cm-fronteira.pt\/pt\/wp-json\/wp\/v2\/tags?post=21660"}],"curies":[{"name":"wp","href":"https:\/\/api.w.org\/{rel}","templated":true}]}}