{"id":17982,"date":"2024-10-24T10:57:00","date_gmt":"2024-10-24T10:57:00","guid":{"rendered":"https:\/\/cm-fronteira.pt\/?p=17982"},"modified":"2024-10-24T10:57:00","modified_gmt":"2024-10-24T10:57:00","slug":"conselho-geral-da-anafre-em-fronteira","status":"publish","type":"post","link":"https:\/\/cm-fronteira.pt\/pt\/conselho-geral-da-anafre-em-fronteira\/","title":{"rendered":"Conselho Geral da ANAFRE em Fronteira"},"content":{"rendered":"<p><\/p>\n<div class=\"x11i5rnm xat24cr x1mh8g0r x1vvkbs xtlvy1s x126k92a\">\n<div dir=\"auto\" style=\"text-align: justify;\">A C\u00e2mara Municipal de Fronteira e a ANAFRE acordaram a realiza\u00e7\u00e3o do Conselho Geral da Associa\u00e7\u00e3o Nacional de Freguesias no pr\u00f3ximo dia <strong>23 de novembro de 2024<\/strong> em Fronteira.<\/div>\n<\/div>\n<div class=\"x11i5rnm xat24cr x1mh8g0r x1vvkbs xtlvy1s x126k92a\">\n<div dir=\"auto\" style=\"text-align: justify;\">Ser\u00e1 uma honra para o nosso concelho receber os autarcas de freguesia que integram aquele \u00f3rg\u00e3o, provenientes de todas as regi\u00f5es do pa\u00eds.<\/div>\n<\/div>\n<div dir=\"auto\"><\/div>\n<p><\/p>","protected":false},"excerpt":{"rendered":"<p>A C\u00e2mara Municipal de Fronteira e a ANAFRE acordaram a realiza\u00e7\u00e3o do Conselho Geral da Associa\u00e7\u00e3o Nacional de Freguesias no pr\u00f3ximo dia 23 de novembro de 2024 em Fronteira. Ser\u00e1 uma honra para o nosso concelho receber os autarcas de freguesia que integram aquele \u00f3rg\u00e3o, provenientes de todas as regi\u00f5es do pa\u00eds.<\/p>\n","protected":false},"author":5,"featured_media":0,"comment_status":"closed","ping_status":"closed","sticky":false,"template":"","format":"standard","meta":{"_acf_changed":false,"_exactmetrics_skip_tracking":false,"_exactmetrics_sitenote_active":false,"_exactmetrics_sitenote_note":"","_exactmetrics_sitenote_category":0,"footnotes":""},"categories":[1],"tags":[],"class_list":["post-17982","post","type-post","status-publish","format-standard","hentry","category-sem-categoria"],"acf":[],"_links":{"self":[{"href":"https:\/\/cm-fronteira.pt\/pt\/wp-json\/wp\/v2\/posts\/17982","targetHints":{"allow":["GET"]}}],"collection":[{"href":"https:\/\/cm-fronteira.pt\/pt\/wp-json\/wp\/v2\/posts"}],"about":[{"href":"https:\/\/cm-fronteira.pt\/pt\/wp-json\/wp\/v2\/types\/post"}],"author":[{"embeddable":true,"href":"https:\/\/cm-fronteira.pt\/pt\/wp-json\/wp\/v2\/users\/5"}],"replies":[{"embeddable":true,"href":"https:\/\/cm-fronteira.pt\/pt\/wp-json\/wp\/v2\/comments?post=17982"}],"version-history":[{"count":1,"href":"https:\/\/cm-fronteira.pt\/pt\/wp-json\/wp\/v2\/posts\/17982\/revisions"}],"predecessor-version":[{"id":17984,"href":"https:\/\/cm-fronteira.pt\/pt\/wp-json\/wp\/v2\/posts\/17982\/revisions\/17984"}],"wp:attachment":[{"href":"https:\/\/cm-fronteira.pt\/pt\/wp-json\/wp\/v2\/media?parent=17982"}],"wp:term":[{"taxonomy":"category","embeddable":true,"href":"https:\/\/cm-fronteira.pt\/pt\/wp-json\/wp\/v2\/categories?post=17982"},{"taxonomy":"post_tag","embeddable":true,"href":"https:\/\/cm-fronteira.pt\/pt\/wp-json\/wp\/v2\/tags?post=17982"}],"curies":[{"name":"wp","href":"https:\/\/api.w.org\/{rel}","templated":true}]}}