{"id":17966,"date":"2024-10-22T11:51:49","date_gmt":"2024-10-22T11:51:49","guid":{"rendered":"https:\/\/cm-fronteira.pt\/?p=17966"},"modified":"2025-01-08T16:52:58","modified_gmt":"2025-01-08T16:52:58","slug":"diferentes-por-fora-iguais-por-dentro","status":"publish","type":"post","link":"https:\/\/cm-fronteira.pt\/pt\/diferentes-por-fora-iguais-por-dentro\/","title":{"rendered":"#Diferentes Por Fora, Iguais por Dentro!"},"content":{"rendered":"<p><\/p>\n<p style=\"text-align: justify;\">\u00c0 semelhan\u00e7a dos anos anteriores, a Rede Social do concelho de Fronteira e a EAPN &#8211; N\u00facleo Distrital de Portalegre t\u00eam vindo a criar din\u00e2micas de sensibiliza\u00e7\u00e3o para tem\u00e1ticas ligadas \u00e0 igualdade de g\u00e9nero, exclus\u00e3o social e pobreza.<\/p>\n<p style=\"text-align: justify;\">Assim, o Munic\u00edpio de Fronteira escolheu o dia 22 de Outubro para assinalar dois dias importantes:<br \/>\n\u2013 ???????????? ???????????????????????????????????????????????????? ???????????????? ???? ????????????????????????????????????\u0327????\u0303???? ???????? ???????????????????????????? ???? ???????? ????????????????????????????\u0303???? ????????????????????????<br \/>\n\u2013 ???????????? ???????????????????????????????????? ???????? ????????????????????????????????????<\/p>\n<p style=\"text-align: justify;\">Hoje, a partir das 14:30H, o Centro Cultural de Fronteira vai estar repleto de \u201cCORA\u00c7\u00d5ES\u201d, onde o lema \u00e9 \u201cDiferentes por fora, Iguais por dentro\u201d, princ\u00edpio de aceita\u00e7\u00e3o, inclus\u00e3o e n\u00e3o discrimina\u00e7\u00e3o, na conce\u00e7\u00e3o de uma sociedade mais justa e igualit\u00e1ria.<\/p>\n<hr \/>\n<p><a href=\"https:\/\/cm-fronteira.pt\/wp-content\/uploads\/2024\/10\/CARTAZ_Dia-para-a-Erradicacao-da-Pobreza_CMF_2024.png\"><img loading=\"lazy\" decoding=\"async\" class=\"aligncenter size-large wp-image-17967\" src=\"https:\/\/cm-fronteira.pt\/wp-content\/uploads\/2024\/10\/CARTAZ_Dia-para-a-Erradicacao-da-Pobreza_CMF_2024-724x1024.png\" alt=\"\" width=\"724\" height=\"1024\" srcset=\"https:\/\/cm-fronteira.pt\/wp-content\/uploads\/2024\/10\/CARTAZ_Dia-para-a-Erradicacao-da-Pobreza_CMF_2024-724x1024.png 724w, https:\/\/cm-fronteira.pt\/wp-content\/uploads\/2024\/10\/CARTAZ_Dia-para-a-Erradicacao-da-Pobreza_CMF_2024-212x300.png 212w, https:\/\/cm-fronteira.pt\/wp-content\/uploads\/2024\/10\/CARTAZ_Dia-para-a-Erradicacao-da-Pobreza_CMF_2024-768x1086.png 768w, https:\/\/cm-fronteira.pt\/wp-content\/uploads\/2024\/10\/CARTAZ_Dia-para-a-Erradicacao-da-Pobreza_CMF_2024-1086x1536.png 1086w, https:\/\/cm-fronteira.pt\/wp-content\/uploads\/2024\/10\/CARTAZ_Dia-para-a-Erradicacao-da-Pobreza_CMF_2024-1448x2048.png 1448w, https:\/\/cm-fronteira.pt\/wp-content\/uploads\/2024\/10\/CARTAZ_Dia-para-a-Erradicacao-da-Pobreza_CMF_2024-1320x1867.png 1320w, https:\/\/cm-fronteira.pt\/wp-content\/uploads\/2024\/10\/CARTAZ_Dia-para-a-Erradicacao-da-Pobreza_CMF_2024.png 1754w\" sizes=\"auto, (max-width: 724px) 100vw, 724px\" \/><\/a><\/p>","protected":false},"excerpt":{"rendered":"<p>\u00c0 semelhan\u00e7a dos anos anteriores, a Rede Social do concelho de Fronteira e a EAPN &#8211; N\u00facleo Distrital de Portalegre t\u00eam vindo a criar din\u00e2micas de sensibiliza\u00e7\u00e3o para tem\u00e1ticas ligadas \u00e0 igualdade de g\u00e9nero, exclus\u00e3o social e pobreza. Assim, o Munic\u00edpio de Fronteira escolheu o dia 22 de Outubro para assinalar dois dias importantes: \u2013 [&hellip;]<\/p>\n","protected":false},"author":5,"featured_media":0,"comment_status":"closed","ping_status":"closed","sticky":false,"template":"","format":"standard","meta":{"_acf_changed":false,"_exactmetrics_skip_tracking":false,"_exactmetrics_sitenote_active":false,"_exactmetrics_sitenote_note":"","_exactmetrics_sitenote_category":0,"footnotes":""},"categories":[1],"tags":[],"class_list":["post-17966","post","type-post","status-publish","format-standard","hentry","category-sem-categoria"],"acf":[],"_links":{"self":[{"href":"https:\/\/cm-fronteira.pt\/pt\/wp-json\/wp\/v2\/posts\/17966","targetHints":{"allow":["GET"]}}],"collection":[{"href":"https:\/\/cm-fronteira.pt\/pt\/wp-json\/wp\/v2\/posts"}],"about":[{"href":"https:\/\/cm-fronteira.pt\/pt\/wp-json\/wp\/v2\/types\/post"}],"author":[{"embeddable":true,"href":"https:\/\/cm-fronteira.pt\/pt\/wp-json\/wp\/v2\/users\/5"}],"replies":[{"embeddable":true,"href":"https:\/\/cm-fronteira.pt\/pt\/wp-json\/wp\/v2\/comments?post=17966"}],"version-history":[{"count":2,"href":"https:\/\/cm-fronteira.pt\/pt\/wp-json\/wp\/v2\/posts\/17966\/revisions"}],"predecessor-version":[{"id":21355,"href":"https:\/\/cm-fronteira.pt\/pt\/wp-json\/wp\/v2\/posts\/17966\/revisions\/21355"}],"wp:attachment":[{"href":"https:\/\/cm-fronteira.pt\/pt\/wp-json\/wp\/v2\/media?parent=17966"}],"wp:term":[{"taxonomy":"category","embeddable":true,"href":"https:\/\/cm-fronteira.pt\/pt\/wp-json\/wp\/v2\/categories?post=17966"},{"taxonomy":"post_tag","embeddable":true,"href":"https:\/\/cm-fronteira.pt\/pt\/wp-json\/wp\/v2\/tags?post=17966"}],"curies":[{"name":"wp","href":"https:\/\/api.w.org\/{rel}","templated":true}]}}