{"id":17796,"date":"2025-10-07T09:22:09","date_gmt":"2025-10-07T09:22:09","guid":{"rendered":"https:\/\/cm-fronteira.pt\/?p=17796"},"modified":"2025-10-07T11:18:39","modified_gmt":"2025-10-07T11:18:39","slug":"dia-da-defesa-nacional","status":"publish","type":"post","link":"https:\/\/cm-fronteira.pt\/pt\/dia-da-defesa-nacional\/","title":{"rendered":"Dia da Defesa Nacional"},"content":{"rendered":"<p><\/p>\n<p style=\"text-align: justify\">No pr\u00f3ximo dias <strong>10 de Outubro de 2025<\/strong>, decorrem as atividades do <strong>Dia da Defesa Nacional<\/strong>. Para tal, o Munic\u00edpio de Fronteira disponibilizar\u00e1 o transporte dos jovens do concelho convocados para o efeito.<\/p>\n<hr \/>\n<p><a href=\"https:\/\/cm-fronteira.pt\/wp-content\/uploads\/2024\/10\/transporte-dia-defesa-nacional-2025.png\"><img loading=\"lazy\" decoding=\"async\" class=\"aligncenter size-full wp-image-22761\" src=\"https:\/\/cm-fronteira.pt\/wp-content\/uploads\/2024\/10\/transporte-dia-defesa-nacional-2025.png\" alt=\"\" width=\"9922\" height=\"7970\" \/><\/a><\/p>\n<p>&nbsp;<\/p>","protected":false},"excerpt":{"rendered":"<p>No pr\u00f3ximo dias 10 de Outubro de 2025, decorrem as atividades do Dia da Defesa Nacional. Para tal, o Munic\u00edpio de Fronteira disponibilizar\u00e1 o transporte dos jovens do concelho convocados para o efeito. &nbsp;<\/p>\n","protected":false},"author":5,"featured_media":0,"comment_status":"closed","ping_status":"closed","sticky":false,"template":"","format":"standard","meta":{"_acf_changed":false,"_exactmetrics_skip_tracking":false,"_exactmetrics_sitenote_active":false,"_exactmetrics_sitenote_note":"","_exactmetrics_sitenote_category":0,"footnotes":""},"categories":[1336],"tags":[],"class_list":["post-17796","post","type-post","status-publish","format-standard","hentry","category-municipio"],"acf":[],"_links":{"self":[{"href":"https:\/\/cm-fronteira.pt\/pt\/wp-json\/wp\/v2\/posts\/17796","targetHints":{"allow":["GET"]}}],"collection":[{"href":"https:\/\/cm-fronteira.pt\/pt\/wp-json\/wp\/v2\/posts"}],"about":[{"href":"https:\/\/cm-fronteira.pt\/pt\/wp-json\/wp\/v2\/types\/post"}],"author":[{"embeddable":true,"href":"https:\/\/cm-fronteira.pt\/pt\/wp-json\/wp\/v2\/users\/5"}],"replies":[{"embeddable":true,"href":"https:\/\/cm-fronteira.pt\/pt\/wp-json\/wp\/v2\/comments?post=17796"}],"version-history":[{"count":2,"href":"https:\/\/cm-fronteira.pt\/pt\/wp-json\/wp\/v2\/posts\/17796\/revisions"}],"predecessor-version":[{"id":22763,"href":"https:\/\/cm-fronteira.pt\/pt\/wp-json\/wp\/v2\/posts\/17796\/revisions\/22763"}],"wp:attachment":[{"href":"https:\/\/cm-fronteira.pt\/pt\/wp-json\/wp\/v2\/media?parent=17796"}],"wp:term":[{"taxonomy":"category","embeddable":true,"href":"https:\/\/cm-fronteira.pt\/pt\/wp-json\/wp\/v2\/categories?post=17796"},{"taxonomy":"post_tag","embeddable":true,"href":"https:\/\/cm-fronteira.pt\/pt\/wp-json\/wp\/v2\/tags?post=17796"}],"curies":[{"name":"wp","href":"https:\/\/api.w.org\/{rel}","templated":true}]}}