{"id":17728,"date":"2025-09-16T09:11:59","date_gmt":"2025-09-16T09:11:59","guid":{"rendered":"https:\/\/cm-fronteira.pt\/?p=17728"},"modified":"2025-09-16T12:11:31","modified_gmt":"2025-09-16T12:11:31","slug":"reuniao-assembleia-municipal-setembro-2025","status":"publish","type":"post","link":"https:\/\/cm-fronteira.pt\/pt\/reuniao-assembleia-municipal-setembro-2025\/","title":{"rendered":"Reuni\u00e3o Assembleia Municipal &#8211; Setembro 2025"},"content":{"rendered":"<p><\/p>\n<p style=\"text-align: justify\">Torna-se p\u00fablico que a sess\u00e3o ordin\u00e1ria da\u00a0<strong>Assembleia Municipal<\/strong> do m\u00eas de <strong>Setembro de 2025<\/strong>\u00a0se realizar\u00e1 no pr\u00f3ximo\u00a0<strong>dia 19 \u00e0s 18.30 horas<\/strong>, no Sal\u00e3o Nobre dos Pa\u00e7os do Concelho de Fronteira.<\/p>\n<p><\/p>","protected":false},"excerpt":{"rendered":"<p>Torna-se p\u00fablico que a sess\u00e3o ordin\u00e1ria da\u00a0Assembleia Municipal do m\u00eas de Setembro de 2025\u00a0se realizar\u00e1 no pr\u00f3ximo\u00a0dia 19 \u00e0s 18.30 horas, no Sal\u00e3o Nobre dos Pa\u00e7os do Concelho de Fronteira.<\/p>\n","protected":false},"author":5,"featured_media":0,"comment_status":"closed","ping_status":"closed","sticky":false,"template":"","format":"standard","meta":{"_acf_changed":false,"_exactmetrics_skip_tracking":false,"_exactmetrics_sitenote_active":false,"_exactmetrics_sitenote_note":"","_exactmetrics_sitenote_category":0,"footnotes":""},"categories":[1336],"tags":[],"class_list":["post-17728","post","type-post","status-publish","format-standard","hentry","category-municipio"],"acf":[],"_links":{"self":[{"href":"https:\/\/cm-fronteira.pt\/pt\/wp-json\/wp\/v2\/posts\/17728","targetHints":{"allow":["GET"]}}],"collection":[{"href":"https:\/\/cm-fronteira.pt\/pt\/wp-json\/wp\/v2\/posts"}],"about":[{"href":"https:\/\/cm-fronteira.pt\/pt\/wp-json\/wp\/v2\/types\/post"}],"author":[{"embeddable":true,"href":"https:\/\/cm-fronteira.pt\/pt\/wp-json\/wp\/v2\/users\/5"}],"replies":[{"embeddable":true,"href":"https:\/\/cm-fronteira.pt\/pt\/wp-json\/wp\/v2\/comments?post=17728"}],"version-history":[{"count":5,"href":"https:\/\/cm-fronteira.pt\/pt\/wp-json\/wp\/v2\/posts\/17728\/revisions"}],"predecessor-version":[{"id":22526,"href":"https:\/\/cm-fronteira.pt\/pt\/wp-json\/wp\/v2\/posts\/17728\/revisions\/22526"}],"wp:attachment":[{"href":"https:\/\/cm-fronteira.pt\/pt\/wp-json\/wp\/v2\/media?parent=17728"}],"wp:term":[{"taxonomy":"category","embeddable":true,"href":"https:\/\/cm-fronteira.pt\/pt\/wp-json\/wp\/v2\/categories?post=17728"},{"taxonomy":"post_tag","embeddable":true,"href":"https:\/\/cm-fronteira.pt\/pt\/wp-json\/wp\/v2\/tags?post=17728"}],"curies":[{"name":"wp","href":"https:\/\/api.w.org\/{rel}","templated":true}]}}