{"id":17286,"date":"2025-06-17T15:44:37","date_gmt":"2025-06-17T15:44:37","guid":{"rendered":"https:\/\/cm-fronteira.pt\/?p=17286"},"modified":"2025-06-17T16:17:16","modified_gmt":"2025-06-17T16:17:16","slug":"reabertura-das-piscinas-municipais-descobertas","status":"publish","type":"post","link":"https:\/\/cm-fronteira.pt\/pt\/reabertura-das-piscinas-municipais-descobertas\/","title":{"rendered":"Reabertura das Piscinas Municipais Descobertas"},"content":{"rendered":"<p><\/p>\n<p style=\"text-align: justify\">A Piscina Municipal Descoberta de Fronteira reabre ao p\u00fablico no dia <strong>21 de junho<\/strong>, \u00e0s 10H00.<\/p>\n<div class=\"x11i5rnm xat24cr x1mh8g0r x1vvkbs xtlvy1s x126k92a\">\n<div dir=\"auto\">\n<hr \/>\n<\/div>\n<div dir=\"auto\"><strong>Hor\u00e1rio de Funcionamento:<\/strong><\/div>\n<div dir=\"auto\">De 3.\u00aa feira a domingo, das 10h00 \u00e0s 19H00<\/div>\n<div dir=\"auto\">Encerramento para manuten\u00e7\u00e3o \u2013 2.\u00aa feira<\/div>\n<\/div>\n<div class=\"x11i5rnm xat24cr x1mh8g0r x1vvkbs xtlvy1s x126k92a\">\n<div dir=\"auto\">\n<hr \/>\n<\/div>\n<div dir=\"auto\"><strong>Bilheteira:<\/strong><\/div>\n<div dir=\"auto\"><strong>\u2022 DI\u00c1RIA<\/strong><\/div>\n<div dir=\"auto\">\u2014 Menores 16 anos &#8211; 1\u20ac<\/div>\n<div dir=\"auto\">\u2014 Adultos &#8211; 2\u20ac<\/div>\n<\/div>\n<div class=\"x11i5rnm xat24cr x1mh8g0r x1vvkbs xtlvy1s x126k92a\">\n<div dir=\"auto\">\u2022 <strong>SEMANAL<\/strong><\/div>\n<div dir=\"auto\">\u2014 Menores 16 anos &#8211; 4\u20ac<\/div>\n<div dir=\"auto\">\u2014 Adultos &#8211; 8\u20ac<\/div>\n<\/div>\n<div class=\"x11i5rnm xat24cr x1mh8g0r x1vvkbs xtlvy1s x126k92a\">\n<div dir=\"auto\">\u2022 <strong>\u00c9POCA BALNEAR<\/strong><\/div>\n<div dir=\"auto\">\u2014 Menores 16 anos &#8211; 25\u20ac<\/div>\n<div dir=\"auto\">\u2014 Adultos &#8211; 50\u20ac<\/div>\n<\/div>\n<hr \/>\n<p>\n\t\t<style type=\"text\/css\">\n\t\t\t#gallery-1 {\n\t\t\t\tmargin: auto;\n\t\t\t}\n\t\t\t#gallery-1 .gallery-item {\n\t\t\t\tfloat: left;\n\t\t\t\tmargin-top: 10px;\n\t\t\t\ttext-align: center;\n\t\t\t\twidth: 33%;\n\t\t\t}\n\t\t\t#gallery-1 img {\n\t\t\t\tborder: 2px solid #cfcfcf;\n\t\t\t}\n\t\t\t#gallery-1 .gallery-caption {\n\t\t\t\tmargin-left: 0;\n\t\t\t}\n\t\t\t\/* see gallery_shortcode() in wp-includes\/media.php *\/\n\t\t<\/style>\n\t\t<div id='gallery-1' class='gallery galleryid-17286 gallery-columns-3 gallery-size-thumbnail'><dl class='gallery-item'>\n\t\t\t<dt class='gallery-icon landscape'>\n\t\t\t\t<a href='https:\/\/cm-fronteira.pt\/wp-content\/uploads\/2022\/07\/piscina-descoberta-202412-scaled.jpg'><img loading=\"lazy\" decoding=\"async\" width=\"150\" height=\"150\" src=\"https:\/\/cm-fronteira.pt\/wp-content\/uploads\/2022\/07\/piscina-descoberta-202412-150x150.jpg\" class=\"attachment-thumbnail size-thumbnail\" alt=\"\" \/><\/a>\n\t\t\t<\/dt><\/dl><dl class='gallery-item'>\n\t\t\t<dt class='gallery-icon landscape'>\n\t\t\t\t<a href='https:\/\/cm-fronteira.pt\/wp-content\/uploads\/2022\/07\/piscina-descoberta-20245-scaled.jpg'><img loading=\"lazy\" decoding=\"async\" width=\"150\" height=\"150\" src=\"https:\/\/cm-fronteira.pt\/wp-content\/uploads\/2022\/07\/piscina-descoberta-20245-150x150.jpg\" class=\"attachment-thumbnail size-thumbnail\" alt=\"\" \/><\/a>\n\t\t\t<\/dt><\/dl><dl class='gallery-item'>\n\t\t\t<dt class='gallery-icon landscape'>\n\t\t\t\t<a href='https:\/\/cm-fronteira.pt\/wp-content\/uploads\/2022\/07\/piscina-descoberta-20244-scaled.jpg'><img loading=\"lazy\" decoding=\"async\" width=\"150\" height=\"150\" src=\"https:\/\/cm-fronteira.pt\/wp-content\/uploads\/2022\/07\/piscina-descoberta-20244-150x150.jpg\" class=\"attachment-thumbnail size-thumbnail\" alt=\"\" \/><\/a>\n\t\t\t<\/dt><\/dl><br style=\"clear: both\" \/><dl class='gallery-item'>\n\t\t\t<dt class='gallery-icon landscape'>\n\t\t\t\t<a href='https:\/\/cm-fronteira.pt\/wp-content\/uploads\/2022\/07\/piscina-descoberta-20243-scaled.jpg'><img loading=\"lazy\" decoding=\"async\" width=\"150\" height=\"150\" src=\"https:\/\/cm-fronteira.pt\/wp-content\/uploads\/2022\/07\/piscina-descoberta-20243-150x150.jpg\" class=\"attachment-thumbnail size-thumbnail\" alt=\"\" \/><\/a>\n\t\t\t<\/dt><\/dl><dl class='gallery-item'>\n\t\t\t<dt class='gallery-icon landscape'>\n\t\t\t\t<a href='https:\/\/cm-fronteira.pt\/wp-content\/uploads\/2022\/07\/piscina-descoberta-20246-scaled.jpg'><img loading=\"lazy\" decoding=\"async\" width=\"150\" height=\"150\" src=\"https:\/\/cm-fronteira.pt\/wp-content\/uploads\/2022\/07\/piscina-descoberta-20246-150x150.jpg\" class=\"attachment-thumbnail size-thumbnail\" alt=\"\" \/><\/a>\n\t\t\t<\/dt><\/dl><dl class='gallery-item'>\n\t\t\t<dt class='gallery-icon landscape'>\n\t\t\t\t<a href='https:\/\/cm-fronteira.pt\/wp-content\/uploads\/2022\/07\/piscina-descoberta-20247-scaled.jpg'><img loading=\"lazy\" decoding=\"async\" width=\"150\" height=\"150\" src=\"https:\/\/cm-fronteira.pt\/wp-content\/uploads\/2022\/07\/piscina-descoberta-20247-150x150.jpg\" class=\"attachment-thumbnail size-thumbnail\" alt=\"\" \/><\/a>\n\t\t\t<\/dt><\/dl><br style=\"clear: both\" \/>\n\t\t<\/div>\n<\/p>","protected":false},"excerpt":{"rendered":"<p>A Piscina Municipal Descoberta de Fronteira reabre ao p\u00fablico no dia 21 de junho, \u00e0s 10H00. Hor\u00e1rio de Funcionamento: De 3.\u00aa feira a domingo, das 10h00 \u00e0s 19H00 Encerramento para manuten\u00e7\u00e3o \u2013 2.\u00aa feira Bilheteira: \u2022 DI\u00c1RIA \u2014 Menores 16 anos &#8211; 1\u20ac \u2014 Adultos &#8211; 2\u20ac \u2022 SEMANAL \u2014 Menores 16 anos &#8211; 4\u20ac [&hellip;]<\/p>\n","protected":false},"author":5,"featured_media":0,"comment_status":"closed","ping_status":"closed","sticky":false,"template":"","format":"standard","meta":{"_acf_changed":false,"_exactmetrics_skip_tracking":false,"_exactmetrics_sitenote_active":false,"_exactmetrics_sitenote_note":"","_exactmetrics_sitenote_category":0,"footnotes":""},"categories":[1],"tags":[],"class_list":["post-17286","post","type-post","status-publish","format-standard","hentry","category-sem-categoria"],"acf":[],"_links":{"self":[{"href":"https:\/\/cm-fronteira.pt\/pt\/wp-json\/wp\/v2\/posts\/17286","targetHints":{"allow":["GET"]}}],"collection":[{"href":"https:\/\/cm-fronteira.pt\/pt\/wp-json\/wp\/v2\/posts"}],"about":[{"href":"https:\/\/cm-fronteira.pt\/pt\/wp-json\/wp\/v2\/types\/post"}],"author":[{"embeddable":true,"href":"https:\/\/cm-fronteira.pt\/pt\/wp-json\/wp\/v2\/users\/5"}],"replies":[{"embeddable":true,"href":"https:\/\/cm-fronteira.pt\/pt\/wp-json\/wp\/v2\/comments?post=17286"}],"version-history":[{"count":4,"href":"https:\/\/cm-fronteira.pt\/pt\/wp-json\/wp\/v2\/posts\/17286\/revisions"}],"predecessor-version":[{"id":22258,"href":"https:\/\/cm-fronteira.pt\/pt\/wp-json\/wp\/v2\/posts\/17286\/revisions\/22258"}],"wp:attachment":[{"href":"https:\/\/cm-fronteira.pt\/pt\/wp-json\/wp\/v2\/media?parent=17286"}],"wp:term":[{"taxonomy":"category","embeddable":true,"href":"https:\/\/cm-fronteira.pt\/pt\/wp-json\/wp\/v2\/categories?post=17286"},{"taxonomy":"post_tag","embeddable":true,"href":"https:\/\/cm-fronteira.pt\/pt\/wp-json\/wp\/v2\/tags?post=17286"}],"curies":[{"name":"wp","href":"https:\/\/api.w.org\/{rel}","templated":true}]}}