{"id":13619,"date":"2025-04-14T09:18:00","date_gmt":"2025-04-14T09:18:00","guid":{"rendered":"https:\/\/cm-fronteira.pt\/?p=13619"},"modified":"2025-04-14T10:01:31","modified_gmt":"2025-04-14T10:01:31","slug":"pascoa-tolerancia-de-ponto","status":"publish","type":"post","link":"https:\/\/cm-fronteira.pt\/pt\/pascoa-tolerancia-de-ponto\/","title":{"rendered":"P\u00e1scoa &#8211; Toler\u00e2ncia de Ponto"},"content":{"rendered":"<p><\/p>\n<p class=\"p2\" style=\"text-align: justify\">Considerando que existe uma forte tradi\u00e7\u00e3o na comemora\u00e7\u00e3o da <strong>segunda-feira de P\u00e1scoa<\/strong> no concelho de Fronteira, para encerramento dos festejos desta \u00e9poca,<span class=\"Apple-converted-space\"> foi determinado que ser\u00e1 c<\/span>oncedida toler\u00e2ncia de ponto no pr\u00f3ximo dia <strong>21 de abril de 2025<\/strong>, aos trabalhadores deste Munic\u00edpio.<\/p>\n<p>&nbsp;<\/p>","protected":false},"excerpt":{"rendered":"<p>Considerando que existe uma forte tradi\u00e7\u00e3o na comemora\u00e7\u00e3o da segunda-feira de P\u00e1scoa no concelho de Fronteira, para encerramento dos festejos desta \u00e9poca, foi determinado que ser\u00e1 concedida toler\u00e2ncia de ponto no pr\u00f3ximo dia 21 de abril de 2025, aos trabalhadores deste Munic\u00edpio. &nbsp;<\/p>\n","protected":false},"author":5,"featured_media":21270,"comment_status":"closed","ping_status":"closed","sticky":false,"template":"","format":"standard","meta":{"_acf_changed":false,"_exactmetrics_skip_tracking":false,"_exactmetrics_sitenote_active":false,"_exactmetrics_sitenote_note":"","_exactmetrics_sitenote_category":0,"footnotes":""},"categories":[1],"tags":[],"class_list":["post-13619","post","type-post","status-publish","format-standard","has-post-thumbnail","hentry","category-sem-categoria"],"acf":[],"_links":{"self":[{"href":"https:\/\/cm-fronteira.pt\/pt\/wp-json\/wp\/v2\/posts\/13619","targetHints":{"allow":["GET"]}}],"collection":[{"href":"https:\/\/cm-fronteira.pt\/pt\/wp-json\/wp\/v2\/posts"}],"about":[{"href":"https:\/\/cm-fronteira.pt\/pt\/wp-json\/wp\/v2\/types\/post"}],"author":[{"embeddable":true,"href":"https:\/\/cm-fronteira.pt\/pt\/wp-json\/wp\/v2\/users\/5"}],"replies":[{"embeddable":true,"href":"https:\/\/cm-fronteira.pt\/pt\/wp-json\/wp\/v2\/comments?post=13619"}],"version-history":[{"count":7,"href":"https:\/\/cm-fronteira.pt\/pt\/wp-json\/wp\/v2\/posts\/13619\/revisions"}],"predecessor-version":[{"id":22053,"href":"https:\/\/cm-fronteira.pt\/pt\/wp-json\/wp\/v2\/posts\/13619\/revisions\/22053"}],"wp:featuredmedia":[{"embeddable":true,"href":"https:\/\/cm-fronteira.pt\/pt\/wp-json\/wp\/v2\/media\/21270"}],"wp:attachment":[{"href":"https:\/\/cm-fronteira.pt\/pt\/wp-json\/wp\/v2\/media?parent=13619"}],"wp:term":[{"taxonomy":"category","embeddable":true,"href":"https:\/\/cm-fronteira.pt\/pt\/wp-json\/wp\/v2\/categories?post=13619"},{"taxonomy":"post_tag","embeddable":true,"href":"https:\/\/cm-fronteira.pt\/pt\/wp-json\/wp\/v2\/tags?post=13619"}],"curies":[{"name":"wp","href":"https:\/\/api.w.org\/{rel}","templated":true}]}}