{"id":13303,"date":"2025-05-13T11:52:55","date_gmt":"2025-05-13T11:52:55","guid":{"rendered":"https:\/\/cm-fronteira.pt\/?p=13303"},"modified":"2025-05-13T14:38:04","modified_gmt":"2025-05-13T14:38:04","slug":"eleicoes-legislativas-2025","status":"publish","type":"post","link":"https:\/\/cm-fronteira.pt\/pt\/eleicoes-legislativas-2025\/","title":{"rendered":"Elei\u00e7\u00f5es Legislativas 2025"},"content":{"rendered":"<p><\/p>\n<p style=\"text-align: justify\">As\u00a0pr\u00f3ximas elei\u00e7\u00f5es legislativas portuguesas\u00a0ter\u00e3o lugar no dia\u00a0<strong>18 de maio de 2025<\/strong> para eleger os membros da\u00a0Assembleia da Rep\u00fablica.<\/p>\n<p>&nbsp;<\/p>\n<p>Fique a par de toda a informa\u00e7\u00e3o aqui: <a href=\"https:\/\/cm-fronteira.pt\/pt\/municipio\/eleicoes-legislativas-2025\/\"><strong>+ Info.<\/strong><\/a><\/p>","protected":false},"excerpt":{"rendered":"<p>As\u00a0pr\u00f3ximas elei\u00e7\u00f5es legislativas portuguesas\u00a0ter\u00e3o lugar no dia\u00a018 de maio de 2025 para eleger os membros da\u00a0Assembleia da Rep\u00fablica. &nbsp; Fique a par de toda a informa\u00e7\u00e3o aqui: + Info.<\/p>\n","protected":false},"author":5,"featured_media":22024,"comment_status":"closed","ping_status":"closed","sticky":false,"template":"","format":"standard","meta":{"_acf_changed":false,"_exactmetrics_skip_tracking":false,"_exactmetrics_sitenote_active":false,"_exactmetrics_sitenote_note":"","_exactmetrics_sitenote_category":0,"footnotes":""},"categories":[1],"tags":[],"class_list":["post-13303","post","type-post","status-publish","format-standard","has-post-thumbnail","hentry","category-sem-categoria"],"acf":[],"_links":{"self":[{"href":"https:\/\/cm-fronteira.pt\/pt\/wp-json\/wp\/v2\/posts\/13303","targetHints":{"allow":["GET"]}}],"collection":[{"href":"https:\/\/cm-fronteira.pt\/pt\/wp-json\/wp\/v2\/posts"}],"about":[{"href":"https:\/\/cm-fronteira.pt\/pt\/wp-json\/wp\/v2\/types\/post"}],"author":[{"embeddable":true,"href":"https:\/\/cm-fronteira.pt\/pt\/wp-json\/wp\/v2\/users\/5"}],"replies":[{"embeddable":true,"href":"https:\/\/cm-fronteira.pt\/pt\/wp-json\/wp\/v2\/comments?post=13303"}],"version-history":[{"count":5,"href":"https:\/\/cm-fronteira.pt\/pt\/wp-json\/wp\/v2\/posts\/13303\/revisions"}],"predecessor-version":[{"id":22140,"href":"https:\/\/cm-fronteira.pt\/pt\/wp-json\/wp\/v2\/posts\/13303\/revisions\/22140"}],"wp:featuredmedia":[{"embeddable":true,"href":"https:\/\/cm-fronteira.pt\/pt\/wp-json\/wp\/v2\/media\/22024"}],"wp:attachment":[{"href":"https:\/\/cm-fronteira.pt\/pt\/wp-json\/wp\/v2\/media?parent=13303"}],"wp:term":[{"taxonomy":"category","embeddable":true,"href":"https:\/\/cm-fronteira.pt\/pt\/wp-json\/wp\/v2\/categories?post=13303"},{"taxonomy":"post_tag","embeddable":true,"href":"https:\/\/cm-fronteira.pt\/pt\/wp-json\/wp\/v2\/tags?post=13303"}],"curies":[{"name":"wp","href":"https:\/\/api.w.org\/{rel}","templated":true}]}}