{"id":12980,"date":"2023-11-10T16:48:45","date_gmt":"2023-11-10T16:48:45","guid":{"rendered":"https:\/\/cm-fronteira.pt\/?p=12980"},"modified":"2023-11-10T16:49:23","modified_gmt":"2023-11-10T16:49:23","slug":"mercado-mensal-antecipado","status":"publish","type":"post","link":"https:\/\/cm-fronteira.pt\/pt\/mercado-mensal-antecipado\/","title":{"rendered":"Mercado mensal antecipado."},"content":{"rendered":"<p style=\"text-align: justify;\">O Mercado Mensal de Fronteira ser\u00e1 antecipado para o dia <strong>23 de Novembro<\/strong> (quinta-feira), excepcionalmente, devido \u00e0 realiza\u00e7\u00e3o do evento 24 Horas TT &#8211; Vila de Fronteira, que se realiza de 30 de novembro a 03 de dezembro de 2023.<\/p>\n","protected":false},"excerpt":{"rendered":"<p>O Mercado Mensal de Fronteira ser\u00e1 antecipado para o dia 23 de Novembro (quinta-feira), excepcionalmente, devido \u00e0 realiza\u00e7\u00e3o do evento 24 Horas TT &#8211; Vila de Fronteira, que se realiza de 30 de novembro a 03 de dezembro de 2023.<\/p>\n","protected":false},"author":5,"featured_media":0,"comment_status":"closed","ping_status":"closed","sticky":false,"template":"","format":"standard","meta":{"_acf_changed":false,"_exactmetrics_skip_tracking":false,"_exactmetrics_sitenote_active":false,"_exactmetrics_sitenote_note":"","_exactmetrics_sitenote_category":0,"footnotes":""},"categories":[1],"tags":[],"class_list":["post-12980","post","type-post","status-publish","format-standard","hentry","category-sem-categoria"],"acf":[],"_links":{"self":[{"href":"https:\/\/cm-fronteira.pt\/pt\/wp-json\/wp\/v2\/posts\/12980","targetHints":{"allow":["GET"]}}],"collection":[{"href":"https:\/\/cm-fronteira.pt\/pt\/wp-json\/wp\/v2\/posts"}],"about":[{"href":"https:\/\/cm-fronteira.pt\/pt\/wp-json\/wp\/v2\/types\/post"}],"author":[{"embeddable":true,"href":"https:\/\/cm-fronteira.pt\/pt\/wp-json\/wp\/v2\/users\/5"}],"replies":[{"embeddable":true,"href":"https:\/\/cm-fronteira.pt\/pt\/wp-json\/wp\/v2\/comments?post=12980"}],"version-history":[{"count":1,"href":"https:\/\/cm-fronteira.pt\/pt\/wp-json\/wp\/v2\/posts\/12980\/revisions"}],"predecessor-version":[{"id":12982,"href":"https:\/\/cm-fronteira.pt\/pt\/wp-json\/wp\/v2\/posts\/12980\/revisions\/12982"}],"wp:attachment":[{"href":"https:\/\/cm-fronteira.pt\/pt\/wp-json\/wp\/v2\/media?parent=12980"}],"wp:term":[{"taxonomy":"category","embeddable":true,"href":"https:\/\/cm-fronteira.pt\/pt\/wp-json\/wp\/v2\/categories?post=12980"},{"taxonomy":"post_tag","embeddable":true,"href":"https:\/\/cm-fronteira.pt\/pt\/wp-json\/wp\/v2\/tags?post=12980"}],"curies":[{"name":"wp","href":"https:\/\/api.w.org\/{rel}","templated":true}]}}