{"id":12157,"date":"2023-05-19T14:09:47","date_gmt":"2023-05-19T14:09:47","guid":{"rendered":"https:\/\/cm-fronteira.pt\/?p=12157"},"modified":"2025-01-08T16:44:00","modified_gmt":"2025-01-08T16:44:00","slug":"igreja-matriz-de-fronteira-aberta-ao-publico","status":"publish","type":"post","link":"https:\/\/cm-fronteira.pt\/pt\/igreja-matriz-de-fronteira-aberta-ao-publico\/","title":{"rendered":"Igreja Matriz de Fronteira aberta ao p\u00fablico!"},"content":{"rendered":"<p>Numa altura em que o Turismo Religioso ganha peso, o Munic\u00edpio e a Par\u00f3quia de Fronteira resolveram abrir as portas da Igreja Matriz, para que todos aqueles que necessitam a possam visitar.<\/p>\n<ul>\n<li><strong>HOR\u00c1RIOS:<br \/>\n<\/strong>Ter\u00e7as a sextas feiras, das 10H \u00e0s 12:30H e das 15H \u00e0s 19H<br \/>\nS\u00e1bados, das 10H \u00e0s 12:30H<br \/>\nDomingos, das 16H \u00e0s 18H<\/li>\n<\/ul>\n<p>&nbsp;<\/p>\n<ul>\n<li>+ ????????????????:<br \/>\nPadre Tiago Carlos &#8211; 961249246<\/li>\n<\/ul>\n<p><\/p>","protected":false},"excerpt":{"rendered":"<p>Numa altura em que o Turismo Religioso ganha peso, o Munic\u00edpio e a Par\u00f3quia de Fronteira resolveram abrir as portas da Igreja Matriz, para que todos aqueles que necessitam a possam visitar. HOR\u00c1RIOS: Ter\u00e7as a sextas feiras, das 10H \u00e0s 12:30H e das 15H \u00e0s 19H S\u00e1bados, das 10H \u00e0s 12:30H Domingos, das 16H \u00e0s [&hellip;]<\/p>\n","protected":false},"author":5,"featured_media":0,"comment_status":"closed","ping_status":"closed","sticky":false,"template":"","format":"standard","meta":{"_acf_changed":false,"_exactmetrics_skip_tracking":false,"_exactmetrics_sitenote_active":false,"_exactmetrics_sitenote_note":"","_exactmetrics_sitenote_category":0,"footnotes":""},"categories":[1],"tags":[],"class_list":["post-12157","post","type-post","status-publish","format-standard","hentry","category-sem-categoria"],"acf":[],"_links":{"self":[{"href":"https:\/\/cm-fronteira.pt\/pt\/wp-json\/wp\/v2\/posts\/12157","targetHints":{"allow":["GET"]}}],"collection":[{"href":"https:\/\/cm-fronteira.pt\/pt\/wp-json\/wp\/v2\/posts"}],"about":[{"href":"https:\/\/cm-fronteira.pt\/pt\/wp-json\/wp\/v2\/types\/post"}],"author":[{"embeddable":true,"href":"https:\/\/cm-fronteira.pt\/pt\/wp-json\/wp\/v2\/users\/5"}],"replies":[{"embeddable":true,"href":"https:\/\/cm-fronteira.pt\/pt\/wp-json\/wp\/v2\/comments?post=12157"}],"version-history":[{"count":9,"href":"https:\/\/cm-fronteira.pt\/pt\/wp-json\/wp\/v2\/posts\/12157\/revisions"}],"predecessor-version":[{"id":21341,"href":"https:\/\/cm-fronteira.pt\/pt\/wp-json\/wp\/v2\/posts\/12157\/revisions\/21341"}],"wp:attachment":[{"href":"https:\/\/cm-fronteira.pt\/pt\/wp-json\/wp\/v2\/media?parent=12157"}],"wp:term":[{"taxonomy":"category","embeddable":true,"href":"https:\/\/cm-fronteira.pt\/pt\/wp-json\/wp\/v2\/categories?post=12157"},{"taxonomy":"post_tag","embeddable":true,"href":"https:\/\/cm-fronteira.pt\/pt\/wp-json\/wp\/v2\/tags?post=12157"}],"curies":[{"name":"wp","href":"https:\/\/api.w.org\/{rel}","templated":true}]}}