{"id":11844,"date":"2025-05-06T09:42:41","date_gmt":"2025-05-06T09:42:41","guid":{"rendered":"https:\/\/cm-fronteira.pt\/?p=11844"},"modified":"2025-05-06T14:37:53","modified_gmt":"2025-05-06T14:37:53","slug":"rastreio-gratuito-do-cancro-de-mama","status":"publish","type":"post","link":"https:\/\/cm-fronteira.pt\/pt\/rastreio-gratuito-do-cancro-de-mama\/","title":{"rendered":"Rastreio Gratuito do Cancro de Mama"},"content":{"rendered":"<p><\/p>\n<p style=\"text-align: justify\">A LPCC-NRS, em parceria com o SNS, anuncia a continuidade do rastreio gratuito do Cancro da Mama no Munic\u00edpio de Fronteira.<\/p>\n<p style=\"text-align: justify\">O rastreio \u00e9 de base populacional, para mulheres entre os 45 e os 74 anos e cada mulher dever\u00e1 realiz\u00e1-lo de 2 em 2 anos.<\/p>\n<p style=\"text-align: justify\">O rastreio estar\u00e1 dispon\u00edvel na Unidade M\u00f3vel da LPCC de 14 a 23 de maio, nos seguintes per\u00edodos\/locais:<br \/>\n<strong>14 e 15 de maio \u2013 Cabe\u00e7o de Vide (junto \u00e0 Extens\u00e3o de Sa\u00fade);<\/strong><br \/>\n<strong>16 a 23 de maio \u2013 Fronteira (junto Centro de Sa\u00fade).<\/strong><\/p>\n<p style=\"text-align: justify\">Se n\u00e3o recebeu a convocat\u00f3ria por carta, poder\u00e1 fazer o exame \u00e0 mesma, desde que cumpra os crit\u00e9rios de elegibilidade.<\/p>\n<p style=\"text-align: justify\">No caso de n\u00e3o poder comparecer na data que lhe foi indicada poder\u00e1 sempre remarcar. Caso tenha d\u00favidas ou necessidade de reagendamento, contacte rcm.admin@ligacontracancro.pt | 245 009 299 | 915 999\u00a0890.<\/p>\n<p style=\"text-align: justify\">Contamos consigo. A dete\u00e7\u00e3o precoce do cancro de mama pode significar a sua cura. Cuide de si e da sua sa\u00fade<\/p>\n<hr \/>\n<p><a href=\"https:\/\/cm-fronteira.pt\/wp-content\/uploads\/2023\/05\/Cartaz-RCM_Fronteira.png\"><img loading=\"lazy\" decoding=\"async\" class=\"aligncenter size-full wp-image-22133\" src=\"https:\/\/cm-fronteira.pt\/wp-content\/uploads\/2023\/05\/Cartaz-RCM_Fronteira.png\" alt=\"\" width=\"9922\" height=\"14032\" \/><\/a><\/p>","protected":false},"excerpt":{"rendered":"<p>A LPCC-NRS, em parceria com o SNS, anuncia a continuidade do rastreio gratuito do Cancro da Mama no Munic\u00edpio de Fronteira. O rastreio \u00e9 de base populacional, para mulheres entre os 45 e os 74 anos e cada mulher dever\u00e1 realiz\u00e1-lo de 2 em 2 anos. O rastreio estar\u00e1 dispon\u00edvel na Unidade M\u00f3vel da LPCC [&hellip;]<\/p>\n","protected":false},"author":5,"featured_media":0,"comment_status":"closed","ping_status":"closed","sticky":false,"template":"","format":"standard","meta":{"_acf_changed":false,"_exactmetrics_skip_tracking":false,"_exactmetrics_sitenote_active":false,"_exactmetrics_sitenote_note":"","_exactmetrics_sitenote_category":0,"footnotes":""},"categories":[1],"tags":[],"class_list":["post-11844","post","type-post","status-publish","format-standard","hentry","category-sem-categoria"],"acf":[],"_links":{"self":[{"href":"https:\/\/cm-fronteira.pt\/pt\/wp-json\/wp\/v2\/posts\/11844","targetHints":{"allow":["GET"]}}],"collection":[{"href":"https:\/\/cm-fronteira.pt\/pt\/wp-json\/wp\/v2\/posts"}],"about":[{"href":"https:\/\/cm-fronteira.pt\/pt\/wp-json\/wp\/v2\/types\/post"}],"author":[{"embeddable":true,"href":"https:\/\/cm-fronteira.pt\/pt\/wp-json\/wp\/v2\/users\/5"}],"replies":[{"embeddable":true,"href":"https:\/\/cm-fronteira.pt\/pt\/wp-json\/wp\/v2\/comments?post=11844"}],"version-history":[{"count":7,"href":"https:\/\/cm-fronteira.pt\/pt\/wp-json\/wp\/v2\/posts\/11844\/revisions"}],"predecessor-version":[{"id":22135,"href":"https:\/\/cm-fronteira.pt\/pt\/wp-json\/wp\/v2\/posts\/11844\/revisions\/22135"}],"wp:attachment":[{"href":"https:\/\/cm-fronteira.pt\/pt\/wp-json\/wp\/v2\/media?parent=11844"}],"wp:term":[{"taxonomy":"category","embeddable":true,"href":"https:\/\/cm-fronteira.pt\/pt\/wp-json\/wp\/v2\/categories?post=11844"},{"taxonomy":"post_tag","embeddable":true,"href":"https:\/\/cm-fronteira.pt\/pt\/wp-json\/wp\/v2\/tags?post=11844"}],"curies":[{"name":"wp","href":"https:\/\/api.w.org\/{rel}","templated":true}]}}