{"id":11812,"date":"2023-05-09T10:08:15","date_gmt":"2023-05-09T10:08:15","guid":{"rendered":"https:\/\/cm-fronteira.pt\/?p=11812"},"modified":"2025-01-08T15:50:05","modified_gmt":"2025-01-08T15:50:05","slug":"workshop-para-capacitacao-e-promocao-do-empreendedorismo-e-da-lideranca-feminina","status":"publish","type":"post","link":"https:\/\/cm-fronteira.pt\/pt\/workshop-para-capacitacao-e-promocao-do-empreendedorismo-e-da-lideranca-feminina\/","title":{"rendered":"Workshop para Capacita\u00e7\u00e3o e Promo\u00e7\u00e3o do Empreendedorismo e da Lideran\u00e7a Feminina"},"content":{"rendered":"<p align=\"justify\">No dia 10 de maio o Munic\u00edpio de fronteira ir\u00e1 participar no Workshop Online para Capacita\u00e7\u00e3o e Promo\u00e7\u00e3o do Empreendedorismo e da Lideran\u00e7a Feminina,\u00a0dando continuidade \u00e0 promo\u00e7\u00e3o da igualdade de g\u00e9nero no territ\u00f3rio liderado pela Comunidade Intermunicipal do Alto Alentejo (CIMAA).<\/p>\n<p style=\"text-align: justify;\" align=\"justify\">Com este workshop pretende-se aperfei\u00e7oar as compet\u00eancias de lideran\u00e7a e comunica\u00e7\u00e3o inerentes \u00e0s diversas dimens\u00f5es dos projetos\/ ideias empreendedoras das participantes. Neste workshop ser\u00e3o apresentados ferramentas e dados para gest\u00e3o destes projetos, que reforcem a presen\u00e7a\u00a0feminina em cargos de dire\u00e7\u00e3o.<\/p>\n<ul>\n<li>Programa:<br \/>\n&#8211; Abertura: apresenta\u00e7\u00e3o<br \/>\n&#8211; O que \u00e9 empreendedorismo?<br \/>\n&#8211; Exerc\u00edcio para defini\u00e7\u00e3o do projeto.<br \/>\n&#8211; Gest\u00e3o de tempo e organiza\u00e7\u00e3o.<br \/>\n&#8211; Processos de comunica\u00e7\u00e3o e pitch.<br \/>\n&#8211; A lideran\u00e7a feminina e como exercer.<br \/>\n&#8211; Encerramento: exerc\u00edcios para a continuidade do projeto e espa\u00e7o para perguntas\/d\u00favidas.<\/li>\n<\/ul>\n","protected":false},"excerpt":{"rendered":"<p>No dia 10 de maio o Munic\u00edpio de fronteira ir\u00e1 participar no Workshop Online para Capacita\u00e7\u00e3o e Promo\u00e7\u00e3o do Empreendedorismo e da Lideran\u00e7a Feminina,\u00a0dando continuidade \u00e0 promo\u00e7\u00e3o da igualdade de g\u00e9nero no territ\u00f3rio liderado pela Comunidade Intermunicipal do Alto Alentejo (CIMAA). Com este workshop pretende-se aperfei\u00e7oar as compet\u00eancias de lideran\u00e7a e comunica\u00e7\u00e3o inerentes \u00e0s diversas [&hellip;]<\/p>\n","protected":false},"author":5,"featured_media":21305,"comment_status":"closed","ping_status":"closed","sticky":false,"template":"","format":"standard","meta":{"_acf_changed":false,"_exactmetrics_skip_tracking":false,"_exactmetrics_sitenote_active":false,"_exactmetrics_sitenote_note":"","_exactmetrics_sitenote_category":0,"footnotes":""},"categories":[1],"tags":[],"class_list":["post-11812","post","type-post","status-publish","format-standard","has-post-thumbnail","hentry","category-sem-categoria"],"acf":[],"_links":{"self":[{"href":"https:\/\/cm-fronteira.pt\/pt\/wp-json\/wp\/v2\/posts\/11812","targetHints":{"allow":["GET"]}}],"collection":[{"href":"https:\/\/cm-fronteira.pt\/pt\/wp-json\/wp\/v2\/posts"}],"about":[{"href":"https:\/\/cm-fronteira.pt\/pt\/wp-json\/wp\/v2\/types\/post"}],"author":[{"embeddable":true,"href":"https:\/\/cm-fronteira.pt\/pt\/wp-json\/wp\/v2\/users\/5"}],"replies":[{"embeddable":true,"href":"https:\/\/cm-fronteira.pt\/pt\/wp-json\/wp\/v2\/comments?post=11812"}],"version-history":[{"count":5,"href":"https:\/\/cm-fronteira.pt\/pt\/wp-json\/wp\/v2\/posts\/11812\/revisions"}],"predecessor-version":[{"id":21307,"href":"https:\/\/cm-fronteira.pt\/pt\/wp-json\/wp\/v2\/posts\/11812\/revisions\/21307"}],"wp:featuredmedia":[{"embeddable":true,"href":"https:\/\/cm-fronteira.pt\/pt\/wp-json\/wp\/v2\/media\/21305"}],"wp:attachment":[{"href":"https:\/\/cm-fronteira.pt\/pt\/wp-json\/wp\/v2\/media?parent=11812"}],"wp:term":[{"taxonomy":"category","embeddable":true,"href":"https:\/\/cm-fronteira.pt\/pt\/wp-json\/wp\/v2\/categories?post=11812"},{"taxonomy":"post_tag","embeddable":true,"href":"https:\/\/cm-fronteira.pt\/pt\/wp-json\/wp\/v2\/tags?post=11812"}],"curies":[{"name":"wp","href":"https:\/\/api.w.org\/{rel}","templated":true}]}}