{"id":11764,"date":"2026-03-09T11:38:56","date_gmt":"2026-03-09T11:38:56","guid":{"rendered":"https:\/\/cm-fronteira.pt\/?p=11764"},"modified":"2026-03-09T16:15:11","modified_gmt":"2026-03-09T16:15:11","slug":"novas-datas-28a-edicao-24-horas-tt-vila-de-fronteira-2026","status":"publish","type":"post","link":"https:\/\/cm-fronteira.pt\/pt\/novas-datas-28a-edicao-24-horas-tt-vila-de-fronteira-2026\/","title":{"rendered":"NOVAS DATAS &#8211; 28\u00aa Edi\u00e7\u00e3o 24 Horas TT Vila de Fronteira 2026"},"content":{"rendered":"<p><\/p>\n<div class=\"x14z9mp xat24cr x1lziwak x1vvkbs xtlvy1s x126k92a\">\n<div dir=\"auto\">As <strong>bp Ultimate 24 Horas TT Vila de Fronteira<\/strong> passam agora para <strong>3 a 6 de dezembro<\/strong>\u2026 mas n\u00e3o se preocupem: a adrenalina e a resist\u00eancia mant\u00eam-se ao mais alto n\u00edvel para um fim de semana cheio de emo\u00e7\u00e3o e aquele ambiente \u00fanico que s\u00f3 Fronteira sabe oferecer.<\/div>\n<div dir=\"auto\"><\/div>\n<\/div>\n<div class=\"x14z9mp xat24cr x1lziwak x1vvkbs xtlvy1s x126k92a\">\n<div dir=\"auto\"><span class=\"html-span xexx8yu xyri2b x18d9i69 x1c1uobl x1hl2dhg x16tdsg8 x1vvkbs x3nfvp2 x1j61x8r x1fcty0u xdj266r xat24cr xm2jcoa x1mpyi22 xxymvpz xlup9mm x1kky2od\"><img loading=\"lazy\" decoding=\"async\" class=\"xz74otr x15mokao x1ga7v0g x16uus16 xbiv7yw\" src=\"https:\/\/static.xx.fbcdn.net\/images\/emoji.php\/v9\/tf0\/2\/16\/1f449.png\" alt=\"\ud83d\udc49\" width=\"16\" height=\"16\" \/><\/span> Brevemente mais informa\u00e7\u00f5es em: <span class=\"html-span xdj266r x14z9mp xat24cr x1lziwak xexx8yu xyri2b x18d9i69 x1c1uobl x1hl2dhg x16tdsg8 x1vvkbs\"><a class=\"x1i10hfl xjbqb8w x1ejq31n x18oe1m7 x1sy0etr xstzfhl x972fbf x10w94by x1qhh985 x14e42zd x9f619 x1ypdohk xt0psk2 x3ct3a4 xdj266r x14z9mp xat24cr x1lziwak xexx8yu xyri2b x18d9i69 x1c1uobl x16tdsg8 x1hl2dhg xggy1nq x1a2a7pz xkrqix3 x1sur9pj x1fey0fg x1s688f\" role=\"link\" href=\"http:\/\/www.24horastt.com\/?fbclid=IwZXh0bgNhZW0CMTAAYnJpZBEwbkNvemlvV0xlSjBYVG5QNnNydGMGYXBwX2lkEDIyMjAzOTE3ODgyMDA4OTIAAR6WYK3vP11hNAdGUCRjkX4HvprspKVChVqMudFtZdIH6BLLwRPxdeZ2h7qftA_aem_r0gS6beOQbqPsr-R-IkCug\" target=\"_blank\" rel=\"nofollow noopener noreferrer\">www.24horastt.com<\/a><\/span><\/div>\n<\/div>\n<p><\/p>","protected":false},"excerpt":{"rendered":"<p>As bp Ultimate 24 Horas TT Vila de Fronteira passam agora para 3 a 6 de dezembro\u2026 mas n\u00e3o se preocupem: a adrenalina e a resist\u00eancia mant\u00eam-se ao mais alto n\u00edvel para um fim de semana cheio de emo\u00e7\u00e3o e aquele ambiente \u00fanico que s\u00f3 Fronteira sabe oferecer. Brevemente mais informa\u00e7\u00f5es em: www.24horastt.com<\/p>\n","protected":false},"author":5,"featured_media":0,"comment_status":"closed","ping_status":"closed","sticky":false,"template":"","format":"standard","meta":{"_acf_changed":false,"_exactmetrics_skip_tracking":false,"_exactmetrics_sitenote_active":false,"_exactmetrics_sitenote_note":"","_exactmetrics_sitenote_category":0,"footnotes":""},"categories":[1349],"tags":[],"class_list":["post-11764","post","type-post","status-publish","format-standard","hentry","category-eventos"],"acf":[],"_links":{"self":[{"href":"https:\/\/cm-fronteira.pt\/pt\/wp-json\/wp\/v2\/posts\/11764","targetHints":{"allow":["GET"]}}],"collection":[{"href":"https:\/\/cm-fronteira.pt\/pt\/wp-json\/wp\/v2\/posts"}],"about":[{"href":"https:\/\/cm-fronteira.pt\/pt\/wp-json\/wp\/v2\/types\/post"}],"author":[{"embeddable":true,"href":"https:\/\/cm-fronteira.pt\/pt\/wp-json\/wp\/v2\/users\/5"}],"replies":[{"embeddable":true,"href":"https:\/\/cm-fronteira.pt\/pt\/wp-json\/wp\/v2\/comments?post=11764"}],"version-history":[{"count":10,"href":"https:\/\/cm-fronteira.pt\/pt\/wp-json\/wp\/v2\/posts\/11764\/revisions"}],"predecessor-version":[{"id":23735,"href":"https:\/\/cm-fronteira.pt\/pt\/wp-json\/wp\/v2\/posts\/11764\/revisions\/23735"}],"wp:attachment":[{"href":"https:\/\/cm-fronteira.pt\/pt\/wp-json\/wp\/v2\/media?parent=11764"}],"wp:term":[{"taxonomy":"category","embeddable":true,"href":"https:\/\/cm-fronteira.pt\/pt\/wp-json\/wp\/v2\/categories?post=11764"},{"taxonomy":"post_tag","embeddable":true,"href":"https:\/\/cm-fronteira.pt\/pt\/wp-json\/wp\/v2\/tags?post=11764"}],"curies":[{"name":"wp","href":"https:\/\/api.w.org\/{rel}","templated":true}]}}