{"id":11233,"date":"2025-09-05T11:08:46","date_gmt":"2025-09-05T11:08:46","guid":{"rendered":"https:\/\/cm-fronteira.pt\/?p=11233"},"modified":"2025-09-08T13:26:10","modified_gmt":"2025-09-08T13:26:10","slug":"fronteiractiva-epoca-2025-2026","status":"publish","type":"post","link":"https:\/\/cm-fronteira.pt\/pt\/fronteiractiva-epoca-2025-2026\/","title":{"rendered":"FronteirActiva | \u00c9poca 2025-2026"},"content":{"rendered":"<p><\/p>\n<h3 data-start=\"191\" data-end=\"243\">FronteirActiva \u2013 Nova \u00c9poca Desportiva 2025\/2026<\/h3>\n<p data-start=\"245\" data-end=\"415\">Est\u00e3o dispon\u00edveis os hor\u00e1rios e modalidades da <strong data-start=\"292\" data-end=\"310\">FronteirActiva<\/strong> para a \u00e9poca desportiva 2025\/2026, bem como o hor\u00e1rio de funcionamento da <strong data-start=\"385\" data-end=\"414\">Piscina Municipal Coberta<\/strong>.<\/p>\n<p data-start=\"417\" data-end=\"536\">\ud83d\udcc5 <strong data-start=\"420\" data-end=\"458\">In\u00edcio das atividades desportivas:<\/strong> 15 de setembro<br data-start=\"473\" data-end=\"476\" \/>\ud83c\udfca <strong data-start=\"479\" data-end=\"521\">Abertura da Piscina Municipal Coberta:<\/strong> 1 de outubro<\/p>\n<p data-start=\"538\" data-end=\"698\">As inscri\u00e7\u00f5es j\u00e1 se encontram abertas. Garanta o seu lugar nas modalidades dispon\u00edveis para esta nova temporada, com op\u00e7\u00f5es adaptadas a todas as faixas et\u00e1rias.<\/p>\n<p data-start=\"700\" data-end=\"782\">\u27a1\ufe0f <a href=\"https:\/\/cm-fronteira.pt\/lazer\/eventos-e-atividades-desportivas\/fronteiractiva\/\"><strong data-start=\"703\" data-end=\"753\">Consulte os hor\u00e1rios e modalidades dispon\u00edveis<\/strong><\/a> e inscreva-se atempadamente!<\/p>\n<p><\/p>","protected":false},"excerpt":{"rendered":"<p>FronteirActiva \u2013 Nova \u00c9poca Desportiva 2025\/2026 Est\u00e3o dispon\u00edveis os hor\u00e1rios e modalidades da FronteirActiva para a \u00e9poca desportiva 2025\/2026, bem como o hor\u00e1rio de funcionamento da Piscina Municipal Coberta. \ud83d\udcc5 In\u00edcio das atividades desportivas: 15 de setembro\ud83c\udfca Abertura da Piscina Municipal Coberta: 1 de outubro As inscri\u00e7\u00f5es j\u00e1 se encontram abertas. Garanta o seu lugar [&hellip;]<\/p>\n","protected":false},"author":5,"featured_media":9309,"comment_status":"closed","ping_status":"closed","sticky":false,"template":"","format":"standard","meta":{"_acf_changed":false,"_exactmetrics_skip_tracking":false,"_exactmetrics_sitenote_active":false,"_exactmetrics_sitenote_note":"","_exactmetrics_sitenote_category":0,"footnotes":""},"categories":[1],"tags":[],"class_list":["post-11233","post","type-post","status-publish","format-standard","has-post-thumbnail","hentry","category-sem-categoria"],"acf":[],"_links":{"self":[{"href":"https:\/\/cm-fronteira.pt\/pt\/wp-json\/wp\/v2\/posts\/11233","targetHints":{"allow":["GET"]}}],"collection":[{"href":"https:\/\/cm-fronteira.pt\/pt\/wp-json\/wp\/v2\/posts"}],"about":[{"href":"https:\/\/cm-fronteira.pt\/pt\/wp-json\/wp\/v2\/types\/post"}],"author":[{"embeddable":true,"href":"https:\/\/cm-fronteira.pt\/pt\/wp-json\/wp\/v2\/users\/5"}],"replies":[{"embeddable":true,"href":"https:\/\/cm-fronteira.pt\/pt\/wp-json\/wp\/v2\/comments?post=11233"}],"version-history":[{"count":8,"href":"https:\/\/cm-fronteira.pt\/pt\/wp-json\/wp\/v2\/posts\/11233\/revisions"}],"predecessor-version":[{"id":22488,"href":"https:\/\/cm-fronteira.pt\/pt\/wp-json\/wp\/v2\/posts\/11233\/revisions\/22488"}],"wp:featuredmedia":[{"embeddable":true,"href":"https:\/\/cm-fronteira.pt\/pt\/wp-json\/wp\/v2\/media\/9309"}],"wp:attachment":[{"href":"https:\/\/cm-fronteira.pt\/pt\/wp-json\/wp\/v2\/media?parent=11233"}],"wp:term":[{"taxonomy":"category","embeddable":true,"href":"https:\/\/cm-fronteira.pt\/pt\/wp-json\/wp\/v2\/categories?post=11233"},{"taxonomy":"post_tag","embeddable":true,"href":"https:\/\/cm-fronteira.pt\/pt\/wp-json\/wp\/v2\/tags?post=11233"}],"curies":[{"name":"wp","href":"https:\/\/api.w.org\/{rel}","templated":true}]}}