{"id":11167,"date":"2023-09-11T09:00:03","date_gmt":"2023-09-11T09:00:03","guid":{"rendered":"https:\/\/cm-fronteira.pt\/?p=11167"},"modified":"2023-10-31T18:08:18","modified_gmt":"2023-10-31T18:08:18","slug":"transportes-escolares-2023-2024","status":"publish","type":"post","link":"https:\/\/cm-fronteira.pt\/pt\/transportes-escolares-2023-2024\/","title":{"rendered":"Transportes Escolares 2023-2024"},"content":{"rendered":"<p style=\"text-align: justify;\">J\u00e1 se encontram dispon\u00edveis os hor\u00e1rios dos transportes escolares para o ano lectivo 2023\/2024.<\/p>\n<p><a href=\"https:\/\/cm-fronteira.pt\/atividade-municipal\/educacao\/transportes-escolares\/\"><strong>+ INFO.<\/strong><\/a><\/p>\n","protected":false},"excerpt":{"rendered":"<p>J\u00e1 se encontram dispon\u00edveis os hor\u00e1rios dos transportes escolares para o ano lectivo 2023\/2024. + INFO.<\/p>\n","protected":false},"author":5,"featured_media":11159,"comment_status":"closed","ping_status":"closed","sticky":false,"template":"","format":"standard","meta":{"_acf_changed":false,"_exactmetrics_skip_tracking":false,"_exactmetrics_sitenote_active":false,"_exactmetrics_sitenote_note":"","_exactmetrics_sitenote_category":0,"footnotes":""},"categories":[1],"tags":[],"class_list":["post-11167","post","type-post","status-publish","format-standard","has-post-thumbnail","hentry","category-sem-categoria"],"acf":[],"_links":{"self":[{"href":"https:\/\/cm-fronteira.pt\/pt\/wp-json\/wp\/v2\/posts\/11167","targetHints":{"allow":["GET"]}}],"collection":[{"href":"https:\/\/cm-fronteira.pt\/pt\/wp-json\/wp\/v2\/posts"}],"about":[{"href":"https:\/\/cm-fronteira.pt\/pt\/wp-json\/wp\/v2\/types\/post"}],"author":[{"embeddable":true,"href":"https:\/\/cm-fronteira.pt\/pt\/wp-json\/wp\/v2\/users\/5"}],"replies":[{"embeddable":true,"href":"https:\/\/cm-fronteira.pt\/pt\/wp-json\/wp\/v2\/comments?post=11167"}],"version-history":[{"count":4,"href":"https:\/\/cm-fronteira.pt\/pt\/wp-json\/wp\/v2\/posts\/11167\/revisions"}],"predecessor-version":[{"id":12894,"href":"https:\/\/cm-fronteira.pt\/pt\/wp-json\/wp\/v2\/posts\/11167\/revisions\/12894"}],"wp:featuredmedia":[{"embeddable":true,"href":"https:\/\/cm-fronteira.pt\/pt\/wp-json\/wp\/v2\/media\/11159"}],"wp:attachment":[{"href":"https:\/\/cm-fronteira.pt\/pt\/wp-json\/wp\/v2\/media?parent=11167"}],"wp:term":[{"taxonomy":"category","embeddable":true,"href":"https:\/\/cm-fronteira.pt\/pt\/wp-json\/wp\/v2\/categories?post=11167"},{"taxonomy":"post_tag","embeddable":true,"href":"https:\/\/cm-fronteira.pt\/pt\/wp-json\/wp\/v2\/tags?post=11167"}],"curies":[{"name":"wp","href":"https:\/\/api.w.org\/{rel}","templated":true}]}}