{"id":11010,"date":"2025-08-18T10:10:17","date_gmt":"2025-08-18T10:10:17","guid":{"rendered":"https:\/\/cm-fronteira.pt\/?p=11010"},"modified":"2025-08-18T15:47:29","modified_gmt":"2025-08-18T15:47:29","slug":"kit-escolar-e-cadernos-de-atividades-gratuitos","status":"publish","type":"post","link":"https:\/\/cm-fronteira.pt\/pt\/kit-escolar-e-cadernos-de-atividades-gratuitos\/","title":{"rendered":"Kit Escolar e Cadernos de Atividades Gratuitos"},"content":{"rendered":"<p><\/p>\n<div class=\"l7ghb35v kjdc1dyq kmwttqpk gh25dzvf jikcssrz n3t5jt4f\">\n<div class=\"x14z9mp xat24cr x1lziwak x1vvkbs xtlvy1s x126k92a\">\n<div dir=\"auto\">J\u00e1 se encontra dispon\u00edvel no Balc\u00e3o \u00danico da C\u00e2mara Municipal de Fronteira, o requerimento para reembolso por transfer\u00eancia banc\u00e1ria da aquisi\u00e7\u00e3o de cadernos de atividades.<\/div>\n<\/div>\n<\/div>\n<div class=\"l7ghb35v kjdc1dyq kmwttqpk gh25dzvf jikcssrz n3t5jt4f\">\n<p dir=\"auto\" style=\"text-align: justify\">O Munic\u00edpio tamb\u00e9m entregar\u00e1 um <strong>kit escolar<\/strong> aos alunos do <strong>pr\u00e9 escolar (do agrupamento de escolas e infant\u00e1rios das santas casas da miseric\u00f3rdia) e 1\u00ba ciclo<\/strong>.<\/p>\n<p dir=\"auto\">\n<hr \/>\n<\/div>\n<p><a href=\"https:\/\/cm-fronteira.pt\/wp-content\/uploads\/2024\/09\/Cartaz_Oferta_Cadernos-de-Atividades_2025.jpg\"><img loading=\"lazy\" decoding=\"async\" class=\"aligncenter size-large wp-image-22396\" src=\"https:\/\/cm-fronteira.pt\/wp-content\/uploads\/2024\/09\/Cartaz_Oferta_Cadernos-de-Atividades_2025-683x1024.jpg\" alt=\"\" width=\"683\" height=\"1024\" srcset=\"https:\/\/cm-fronteira.pt\/wp-content\/uploads\/2024\/09\/Cartaz_Oferta_Cadernos-de-Atividades_2025-683x1024.jpg 683w, https:\/\/cm-fronteira.pt\/wp-content\/uploads\/2024\/09\/Cartaz_Oferta_Cadernos-de-Atividades_2025-200x300.jpg 200w, https:\/\/cm-fronteira.pt\/wp-content\/uploads\/2024\/09\/Cartaz_Oferta_Cadernos-de-Atividades_2025-768x1152.jpg 768w, https:\/\/cm-fronteira.pt\/wp-content\/uploads\/2024\/09\/Cartaz_Oferta_Cadernos-de-Atividades_2025-1024x1536.jpg 1024w, https:\/\/cm-fronteira.pt\/wp-content\/uploads\/2024\/09\/Cartaz_Oferta_Cadernos-de-Atividades_2025-1366x2048.jpg 1366w, https:\/\/cm-fronteira.pt\/wp-content\/uploads\/2024\/09\/Cartaz_Oferta_Cadernos-de-Atividades_2025-1320x1980.jpg 1320w, https:\/\/cm-fronteira.pt\/wp-content\/uploads\/2024\/09\/Cartaz_Oferta_Cadernos-de-Atividades_2025.jpg 1667w\" sizes=\"auto, (max-width: 683px) 100vw, 683px\" \/><\/a><\/p>","protected":false},"excerpt":{"rendered":"<p>J\u00e1 se encontra dispon\u00edvel no Balc\u00e3o \u00danico da C\u00e2mara Municipal de Fronteira, o requerimento para reembolso por transfer\u00eancia banc\u00e1ria da aquisi\u00e7\u00e3o de cadernos de atividades. O Munic\u00edpio tamb\u00e9m entregar\u00e1 um kit escolar aos alunos do pr\u00e9 escolar (do agrupamento de escolas e infant\u00e1rios das santas casas da miseric\u00f3rdia) e 1\u00ba ciclo.<\/p>\n","protected":false},"author":5,"featured_media":0,"comment_status":"closed","ping_status":"closed","sticky":false,"template":"","format":"standard","meta":{"_acf_changed":false,"_exactmetrics_skip_tracking":false,"_exactmetrics_sitenote_active":false,"_exactmetrics_sitenote_note":"","_exactmetrics_sitenote_category":0,"footnotes":""},"categories":[1],"tags":[],"class_list":["post-11010","post","type-post","status-publish","format-standard","hentry","category-sem-categoria"],"acf":[],"_links":{"self":[{"href":"https:\/\/cm-fronteira.pt\/pt\/wp-json\/wp\/v2\/posts\/11010","targetHints":{"allow":["GET"]}}],"collection":[{"href":"https:\/\/cm-fronteira.pt\/pt\/wp-json\/wp\/v2\/posts"}],"about":[{"href":"https:\/\/cm-fronteira.pt\/pt\/wp-json\/wp\/v2\/types\/post"}],"author":[{"embeddable":true,"href":"https:\/\/cm-fronteira.pt\/pt\/wp-json\/wp\/v2\/users\/5"}],"replies":[{"embeddable":true,"href":"https:\/\/cm-fronteira.pt\/pt\/wp-json\/wp\/v2\/comments?post=11010"}],"version-history":[{"count":6,"href":"https:\/\/cm-fronteira.pt\/pt\/wp-json\/wp\/v2\/posts\/11010\/revisions"}],"predecessor-version":[{"id":22399,"href":"https:\/\/cm-fronteira.pt\/pt\/wp-json\/wp\/v2\/posts\/11010\/revisions\/22399"}],"wp:attachment":[{"href":"https:\/\/cm-fronteira.pt\/pt\/wp-json\/wp\/v2\/media?parent=11010"}],"wp:term":[{"taxonomy":"category","embeddable":true,"href":"https:\/\/cm-fronteira.pt\/pt\/wp-json\/wp\/v2\/categories?post=11010"},{"taxonomy":"post_tag","embeddable":true,"href":"https:\/\/cm-fronteira.pt\/pt\/wp-json\/wp\/v2\/tags?post=11010"}],"curies":[{"name":"wp","href":"https:\/\/api.w.org\/{rel}","templated":true}]}}