{"id":13006,"date":"2023-11-28T11:12:22","date_gmt":"2023-11-28T11:12:22","guid":{"rendered":"https:\/\/cm-fronteira.pt\/?p=13006"},"modified":"2025-01-08T16:42:21","modified_gmt":"2025-01-08T16:42:21","slug":"3-zonas-espetaculo-nas-24-horas-tt-vila-de-fronteira","status":"publish","type":"post","link":"https:\/\/cm-fronteira.pt\/it\/3-zonas-espetaculo-nas-24-horas-tt-vila-de-fronteira\/","title":{"rendered":"3 Zonas Espet\u00e1culo nas 24 Horas TT &#8211; Vila de Fronteira"},"content":{"rendered":"<p><\/p>\n<div class=\"x11i5rnm xat24cr x1mh8g0r x1vvkbs xtlvy1s x126k92a\">\n<p dir=\"auto\" style=\"text-align: justify;\"><strong>O circuito da 25.\u00aa edi\u00e7\u00e3o da prova BP Ultimate 24 horas TT Vila de Fronteira, e da 11\u00aa edi\u00e7\u00e3o BP Ultimate 4 Horas TT Vila de Fronteira, ter\u00e1 tr\u00eas Zonas Espet\u00e1culo (ZE) e uma Zona Camping (ZC).<\/strong><\/p>\n<\/div>\n<div dir=\"auto\">Este ano est\u00e1 prevista uma nova Zona de Espet\u00e1culo (ZE2), conseguida com a generosidade do propriet\u00e1rio do terreno. Assim, a Zona Espet\u00e1culo 1 (ZE1) situa-se junto \u00e0 reta da meta, sendo que este ano voltamos a permitir o acesso do p\u00fablico ao corredor em frente \u00e0s boxes; a Zona Espet\u00e1culo 2 (nova), junto \u00e0 estrada N243 (Fronteira\/Monforte), serve apenas para estacionamento e observa\u00e7\u00e3o da prova. O acampamento s\u00f3 \u00e9 permitido na zona Camping 1 do Monte do Cego da ZE3, pr\u00f3ximo da segunda passagem da Ribeira Grande.<\/div>\n<div dir=\"auto\"><\/div>\n<div dir=\"auto\"><span class=\"x3nfvp2 x1j61x8r x1fcty0u xdj266r xhhsvwb xat24cr xgzva0m xxymvpz xlup9mm x1kky2od\"><img loading=\"lazy\" decoding=\"async\" class=\"xz74otr\" src=\"https:\/\/static.xx.fbcdn.net\/images\/emoji.php\/v9\/tac\/1\/16\/1f4cc.png\" alt=\"????\" width=\"16\" height=\"16\" \/><\/span>Localiza\u00e7\u00e3o e acessos \u00e0s ZE&#8217;s e ZC:<\/div>\n<div dir=\"auto\"><span style=\"color: #972621;\">???????? ???? ???????????????????????????????????? &#8211; ???????????????? ???????? ????????????????<\/span><\/div>\n<div dir=\"auto\">A ZE1 situa-se em frente \u00e0s Boxes, e permite observar parte da reta da meta e uma sequ\u00eancia de curvas, com um novo salto. Como referido, este ano voltamos a permitir ao p\u00fablico o acesso ao corredor situado em frente \u00e0s boxes.<\/div>\n<div dir=\"auto\"><strong>Acesso:<\/strong> A partir de Fronteira, deve estacionar a viatura na Zona Industrial ou junto \u00e0 esta\u00e7\u00e3o de caminho de-ferro e escola, e dirigir-se a p\u00e9 em dire\u00e7\u00e3o \u00e0s Boxes pelo asfalto que se situa a sul das mesmas, seguindo as indica\u00e7\u00f5es da Organiza\u00e7\u00e3o e elementos da GNR que se encontram no local (ver Layout da ZE1).<\/div>\n<div dir=\"auto\"><span style=\"color: #972621;\">???????? ???? &#8211; &#8220;???????????????????????????? ????????????????????????&#8221;<\/span><\/div>\n<div dir=\"auto\">Situa-se junto \u00e0 N243 (entre Fronteira e Monforte), local onde o circuito se aproxima desta nacional. Zona r\u00e1pida com boa visibilidade, o espa\u00e7o permite estacionamento e bom local, uma esp\u00e9cie de anfiteatro. No local existe bar e WC, n\u00e3o \u00e9 permitido camping.<\/div>\n<div dir=\"auto\"><strong>Acesso:<\/strong> Desde Fronteira seguir dire\u00e7\u00e3o Monforte ou IP2 Portalegre, de Monforte seguir as indica\u00e7\u00f5es para Fronteira ou Avis.<\/div>\n<div dir=\"auto\"><span style=\"color: #972621;\">???????? ???? ???? ???????? ???? &#8211; &#8220;???????????????????? ???????? ????????????????&#8221;<\/span><\/div>\n<div dir=\"auto\">O circuito sofreu uma altera\u00e7\u00e3o, desde 2019, para permitir que o p\u00fablico aceda a este local sem atravessamentos do circuito. Neste local est\u00e1 dispon\u00edvel, um espa\u00e7o de campismo e um outro para o p\u00fablico, onde \u00e9 interdito colocar viaturas, que utiliza o parque de estacionamento existente nas proximidades (ver desenho). Em caso de muita chuva a circula\u00e7\u00e3o neste espa\u00e7o \u00e9 dif\u00edcil, sobretudo para ve\u00edculos convencionais e ve\u00edculos pesados.<\/div>\n<div class=\"x11i5rnm xat24cr x1mh8g0r x1vvkbs xtlvy1s x126k92a\">\n<p dir=\"auto\" style=\"text-align: justify;\"><strong>Acesso:<\/strong> Desde Fronteira seguir por estrada municipal dire\u00e7\u00e3o Cabe\u00e7o de Vide, cerca de 5 km ap\u00f3s a rotunda \u00e0 sa\u00edda de Fronteira. Para quem vem de Alter do Ch\u00e3o ou Portalegre, segue pela estrada de Cabe\u00e7o de Vide para Fronteira.<\/p>\n<hr \/>\n<\/div>\n<p>\n\t\t<style type=\"text\/css\">\n\t\t\t#gallery-5 {\n\t\t\t\tmargin: auto;\n\t\t\t}\n\t\t\t#gallery-5 .gallery-item {\n\t\t\t\tfloat: left;\n\t\t\t\tmargin-top: 10px;\n\t\t\t\ttext-align: center;\n\t\t\t\twidth: 33%;\n\t\t\t}\n\t\t\t#gallery-5 img {\n\t\t\t\tborder: 2px solid #cfcfcf;\n\t\t\t}\n\t\t\t#gallery-5 .gallery-caption {\n\t\t\t\tmargin-left: 0;\n\t\t\t}\n\t\t\t\/* see gallery_shortcode() in wp-includes\/media.php *\/\n\t\t<\/style>\n\t\t<div id='gallery-5' class='gallery galleryid-13006 gallery-columns-3 gallery-size-medium'><dl class='gallery-item'>\n\t\t\t<dt class='gallery-icon landscape'>\n\t\t\t\t<a href='https:\/\/cm-fronteira.pt\/it\/3-zonas-espetaculo-nas-24-horas-tt-vila-de-fronteira\/ze-1-24horastt_2023\/'><img loading=\"lazy\" decoding=\"async\" width=\"300\" height=\"219\" src=\"https:\/\/cm-fronteira.pt\/wp-content\/uploads\/2023\/11\/ZE-1-24HorasTT_2023-300x219.jpg\" class=\"attachment-medium size-medium\" alt=\"\" srcset=\"https:\/\/cm-fronteira.pt\/wp-content\/uploads\/2023\/11\/ZE-1-24HorasTT_2023-300x219.jpg 300w, https:\/\/cm-fronteira.pt\/wp-content\/uploads\/2023\/11\/ZE-1-24HorasTT_2023-1024x747.jpg 1024w, https:\/\/cm-fronteira.pt\/wp-content\/uploads\/2023\/11\/ZE-1-24HorasTT_2023-768x560.jpg 768w, https:\/\/cm-fronteira.pt\/wp-content\/uploads\/2023\/11\/ZE-1-24HorasTT_2023-1536x1120.jpg 1536w, https:\/\/cm-fronteira.pt\/wp-content\/uploads\/2023\/11\/ZE-1-24HorasTT_2023-2048x1494.jpg 2048w, https:\/\/cm-fronteira.pt\/wp-content\/uploads\/2023\/11\/ZE-1-24HorasTT_2023-1320x963.jpg 1320w\" sizes=\"auto, (max-width: 300px) 100vw, 300px\" \/><\/a>\n\t\t\t<\/dt><\/dl><dl class='gallery-item'>\n\t\t\t<dt class='gallery-icon landscape'>\n\t\t\t\t<a href='https:\/\/cm-fronteira.pt\/it\/3-zonas-espetaculo-nas-24-horas-tt-vila-de-fronteira\/za-2-24horastt_2023-2\/'><img loading=\"lazy\" decoding=\"async\" width=\"300\" height=\"202\" src=\"https:\/\/cm-fronteira.pt\/wp-content\/uploads\/2023\/11\/ZA-2-24HorasTT_2023-1-300x202.jpg\" class=\"attachment-medium size-medium\" alt=\"\" srcset=\"https:\/\/cm-fronteira.pt\/wp-content\/uploads\/2023\/11\/ZA-2-24HorasTT_2023-1-300x202.jpg 300w, https:\/\/cm-fronteira.pt\/wp-content\/uploads\/2023\/11\/ZA-2-24HorasTT_2023-1-1024x691.jpg 1024w, https:\/\/cm-fronteira.pt\/wp-content\/uploads\/2023\/11\/ZA-2-24HorasTT_2023-1-768x518.jpg 768w, https:\/\/cm-fronteira.pt\/wp-content\/uploads\/2023\/11\/ZA-2-24HorasTT_2023-1-1536x1036.jpg 1536w, https:\/\/cm-fronteira.pt\/wp-content\/uploads\/2023\/11\/ZA-2-24HorasTT_2023-1-2048x1381.jpg 2048w, https:\/\/cm-fronteira.pt\/wp-content\/uploads\/2023\/11\/ZA-2-24HorasTT_2023-1-1320x890.jpg 1320w\" sizes=\"auto, (max-width: 300px) 100vw, 300px\" \/><\/a>\n\t\t\t<\/dt><\/dl><dl class='gallery-item'>\n\t\t\t<dt class='gallery-icon landscape'>\n\t\t\t\t<a href='https:\/\/cm-fronteira.pt\/it\/3-zonas-espetaculo-nas-24-horas-tt-vila-de-fronteira\/ze-3-24horastt_2023\/'><img loading=\"lazy\" decoding=\"async\" width=\"300\" height=\"201\" src=\"https:\/\/cm-fronteira.pt\/wp-content\/uploads\/2023\/11\/ZE-3-24HorasTT_2023-300x201.jpg\" class=\"attachment-medium size-medium\" alt=\"\" srcset=\"https:\/\/cm-fronteira.pt\/wp-content\/uploads\/2023\/11\/ZE-3-24HorasTT_2023-300x201.jpg 300w, https:\/\/cm-fronteira.pt\/wp-content\/uploads\/2023\/11\/ZE-3-24HorasTT_2023-1024x685.jpg 1024w, https:\/\/cm-fronteira.pt\/wp-content\/uploads\/2023\/11\/ZE-3-24HorasTT_2023-768x514.jpg 768w, https:\/\/cm-fronteira.pt\/wp-content\/uploads\/2023\/11\/ZE-3-24HorasTT_2023-1536x1028.jpg 1536w, https:\/\/cm-fronteira.pt\/wp-content\/uploads\/2023\/11\/ZE-3-24HorasTT_2023-2048x1370.jpg 2048w, https:\/\/cm-fronteira.pt\/wp-content\/uploads\/2023\/11\/ZE-3-24HorasTT_2023-1320x883.jpg 1320w\" sizes=\"auto, (max-width: 300px) 100vw, 300px\" \/><\/a>\n\t\t\t<\/dt><\/dl><br style=\"clear: both\" \/>\n\t\t<\/div>\n<\/p>","protected":false},"excerpt":{"rendered":"<p>O circuito da 25.\u00aa edi\u00e7\u00e3o da prova BP Ultimate 24 horas TT Vila de Fronteira, e da 11\u00aa edi\u00e7\u00e3o BP Ultimate 4 Horas TT Vila de Fronteira, ter\u00e1 tr\u00eas Zonas Espet\u00e1culo (ZE) e uma Zona Camping (ZC). Este ano est\u00e1 prevista uma nova Zona de Espet\u00e1culo (ZE2), conseguida com a generosidade do propriet\u00e1rio do terreno. [&hellip;]<\/p>\n","protected":false},"author":5,"featured_media":0,"comment_status":"closed","ping_status":"closed","sticky":false,"template":"","format":"standard","meta":{"_acf_changed":false,"_exactmetrics_skip_tracking":false,"_exactmetrics_sitenote_active":false,"_exactmetrics_sitenote_note":"","_exactmetrics_sitenote_category":0,"footnotes":""},"categories":[1],"tags":[],"class_list":["post-13006","post","type-post","status-publish","format-standard","hentry","category-sem-categoria"],"acf":[],"_links":{"self":[{"href":"https:\/\/cm-fronteira.pt\/it\/wp-json\/wp\/v2\/posts\/13006","targetHints":{"allow":["GET"]}}],"collection":[{"href":"https:\/\/cm-fronteira.pt\/it\/wp-json\/wp\/v2\/posts"}],"about":[{"href":"https:\/\/cm-fronteira.pt\/it\/wp-json\/wp\/v2\/types\/post"}],"author":[{"embeddable":true,"href":"https:\/\/cm-fronteira.pt\/it\/wp-json\/wp\/v2\/users\/5"}],"replies":[{"embeddable":true,"href":"https:\/\/cm-fronteira.pt\/it\/wp-json\/wp\/v2\/comments?post=13006"}],"version-history":[{"count":2,"href":"https:\/\/cm-fronteira.pt\/it\/wp-json\/wp\/v2\/posts\/13006\/revisions"}],"predecessor-version":[{"id":21340,"href":"https:\/\/cm-fronteira.pt\/it\/wp-json\/wp\/v2\/posts\/13006\/revisions\/21340"}],"wp:attachment":[{"href":"https:\/\/cm-fronteira.pt\/it\/wp-json\/wp\/v2\/media?parent=13006"}],"wp:term":[{"taxonomy":"category","embeddable":true,"href":"https:\/\/cm-fronteira.pt\/it\/wp-json\/wp\/v2\/categories?post=13006"},{"taxonomy":"post_tag","embeddable":true,"href":"https:\/\/cm-fronteira.pt\/it\/wp-json\/wp\/v2\/tags?post=13006"}],"curies":[{"name":"wp","href":"https:\/\/api.w.org\/{rel}","templated":true}]}}