{"id":12613,"date":"2023-10-09T09:13:41","date_gmt":"2023-10-09T09:13:41","guid":{"rendered":"https:\/\/cm-fronteira.pt\/?p=12613"},"modified":"2023-10-31T18:08:26","modified_gmt":"2023-10-31T18:08:26","slug":"voto-de-pesar-e-decretamento-de-luto-municipal","status":"publish","type":"post","link":"https:\/\/cm-fronteira.pt\/it\/voto-de-pesar-e-decretamento-de-luto-municipal\/","title":{"rendered":"Voto de Pesar e decretamento de Luto Municipal pelo falecimento do Padre J\u00falio Rodrigues."},"content":{"rendered":"<p style=\"text-align: justify;\">Voto de Pesar e decretamento de Luto Municipal pelo falecimento do <strong>Padre J\u00falio Rodrigues.<\/strong><\/p>\n<p style=\"text-align: justify;\">Foi com grande consterna\u00e7\u00e3o e pesar que o Munic\u00edpio de Fronteira recebeu a not\u00edcia do falecimento do Padre J\u00falio Rodrigues.<br \/>\nFigura \u00edmpar para o nosso concelho, o Padre J\u00falio Rodrigues marcou indelevelmente a popula\u00e7\u00e3o de Fronteira, Vale de Seda e de Vale de Maceiras pelo cumprimento dos seus deveres sacerdotais e, entre muitas outras atividades de cariz solid\u00e1rio, social e cultural, no desempenho de fun\u00e7\u00f5es no Externato Rainha Santa, do qual foi Diretor e Professor, e na Santa Casa da Miseric\u00f3rdia de Fronteira, da qual foi Provedor.<\/p>\n<p style=\"text-align: justify;\">O Padre J\u00falio Rodrigues nasceu em 06 de abril de 1945, em Elvas, e foi ordenado sacerdote em Mora, no dia 28 de junho de 1970. Foi designado p\u00e1roco de Fronteira e Vale de Maceiras em 1985.<\/p>\n<p style=\"text-align: justify;\">A partida do Padre J\u00falio Rodrigues trata-se de uma irrepar\u00e1vel perda humana, paroquial e institucional para o concelho de Fronteira. Transmito as nossas condol\u00eancias \u00e0 fam\u00edlia, amigos e paroquianos que tinham o Padre J\u00falio Rodrigues como refer\u00eancia.<\/p>\n<p>&nbsp;<\/p>\n<hr \/>\n<div class=\"xdj266r x11i5rnm xat24cr x1mh8g0r x1vvkbs x126k92a\">\n<div dir=\"auto\" style=\"text-align: justify;\"><strong>Transportes para as cerim\u00f3nias f\u00fanebres do Padre J\u00falio Rodrigues (dia 09 de outubro, segunda feira)<\/strong><\/div>\n<div dir=\"auto\" style=\"text-align: justify;\"><\/div>\n<\/div>\n<div class=\"x11i5rnm xat24cr x1mh8g0r x1vvkbs xtlvy1s x126k92a\" style=\"text-align: justify;\">\n<ul>\n<li dir=\"auto\"><strong>11H30:<\/strong> Vale de Seda (na paragem do autocarro) e Vale de Maceiras (Junta de Freguesia), para assistir \u00e0 Eucaristia Exequial na Igreja Matriz de Fronteira, presidida por Sua Excel\u00eancia Reverend\u00edssima D. Francisco Senra Coelho, Arcebispo de \u00c9vora (12H00).<\/li>\n<\/ul>\n<div dir=\"auto\"><\/div>\n<div dir=\"auto\">Ser\u00e1 realizado transporte de regresso logo ap\u00f3s a Eucaristia para os mun\u00edcipes que n\u00e3o pretendam deslocar-se a Elvas de seguida.<\/div>\n<\/div>\n<div class=\"x11i5rnm xat24cr x1mh8g0r x1vvkbs xtlvy1s x126k92a\">\n<ul>\n<li dir=\"auto\" style=\"text-align: justify;\"><strong>13.15h:<\/strong> Partida para o Cemit\u00e9rio de S\u00e3o Francisco de Elvas. Posteriormente \u00e0 cerim\u00f3nia, o transporte retornar\u00e1 a Vale de Maceiras, Fronteira e Vale de Seda.<\/li>\n<\/ul>\n<\/div>\n","protected":false},"excerpt":{"rendered":"<p>Voto de Pesar e decretamento de Luto Municipal pelo falecimento do Padre J\u00falio Rodrigues. Foi com grande consterna\u00e7\u00e3o e pesar que o Munic\u00edpio de Fronteira recebeu a not\u00edcia do falecimento do Padre J\u00falio Rodrigues. Figura \u00edmpar para o nosso concelho, o Padre J\u00falio Rodrigues marcou indelevelmente a popula\u00e7\u00e3o de Fronteira, Vale de Seda e de [&hellip;]<\/p>\n","protected":false},"author":5,"featured_media":0,"comment_status":"closed","ping_status":"closed","sticky":false,"template":"","format":"standard","meta":{"_acf_changed":false,"_exactmetrics_skip_tracking":false,"_exactmetrics_sitenote_active":false,"_exactmetrics_sitenote_note":"","_exactmetrics_sitenote_category":0,"footnotes":""},"categories":[1],"tags":[],"class_list":["post-12613","post","type-post","status-publish","format-standard","hentry","category-sem-categoria"],"acf":[],"_links":{"self":[{"href":"https:\/\/cm-fronteira.pt\/it\/wp-json\/wp\/v2\/posts\/12613","targetHints":{"allow":["GET"]}}],"collection":[{"href":"https:\/\/cm-fronteira.pt\/it\/wp-json\/wp\/v2\/posts"}],"about":[{"href":"https:\/\/cm-fronteira.pt\/it\/wp-json\/wp\/v2\/types\/post"}],"author":[{"embeddable":true,"href":"https:\/\/cm-fronteira.pt\/it\/wp-json\/wp\/v2\/users\/5"}],"replies":[{"embeddable":true,"href":"https:\/\/cm-fronteira.pt\/it\/wp-json\/wp\/v2\/comments?post=12613"}],"version-history":[{"count":6,"href":"https:\/\/cm-fronteira.pt\/it\/wp-json\/wp\/v2\/posts\/12613\/revisions"}],"predecessor-version":[{"id":12897,"href":"https:\/\/cm-fronteira.pt\/it\/wp-json\/wp\/v2\/posts\/12613\/revisions\/12897"}],"wp:attachment":[{"href":"https:\/\/cm-fronteira.pt\/it\/wp-json\/wp\/v2\/media?parent=12613"}],"wp:term":[{"taxonomy":"category","embeddable":true,"href":"https:\/\/cm-fronteira.pt\/it\/wp-json\/wp\/v2\/categories?post=12613"},{"taxonomy":"post_tag","embeddable":true,"href":"https:\/\/cm-fronteira.pt\/it\/wp-json\/wp\/v2\/tags?post=12613"}],"curies":[{"name":"wp","href":"https:\/\/api.w.org\/{rel}","templated":true}]}}