{"id":10821,"date":"2025-08-11T10:41:44","date_gmt":"2025-08-11T10:41:44","guid":{"rendered":"https:\/\/cm-fronteira.pt\/?p=10821"},"modified":"2025-08-12T11:47:07","modified_gmt":"2025-08-12T11:47:07","slug":"condicionamento-de-transito-festas-de-verao-de-fronteira-2025","status":"publish","type":"post","link":"https:\/\/cm-fronteira.pt\/it\/condicionamento-de-transito-festas-de-verao-de-fronteira-2025\/","title":{"rendered":"Condicionamento de Tr\u00e2nsito &#8211; Festas de Ver\u00e3o de Fronteira 2023"},"content":{"rendered":"<p><\/p>\n<p style=\"text-align: justify\">Conforme o artigo 9\u00ba n\u00ba. 2 do C\u00f3digo da Estrada , aprovado pela Lei n\u00ba. 72\/2013, de 3 de Setembro, foi autorizado, em 08 de Agosto de 2023, o <strong>condicionamento de tr\u00e2nsito, nos dias 11 a 13 de Agosto de 2023<\/strong>, no \u00e2mbito da realiza\u00e7\u00e3o das <strong>Festas em Honra de Nossa Senhora da Vila Velha<\/strong>, que ter\u00e3o lugar na freguesia e concelho de Fronteira.<\/p>\n<p><\/p>","protected":false},"excerpt":{"rendered":"<p>Conforme o artigo 9\u00ba n\u00ba. 2 do C\u00f3digo da Estrada , aprovado pela Lei n\u00ba. 72\/2013, de 3 de Setembro, foi autorizado, em 08 de Agosto de 2023, o condicionamento de tr\u00e2nsito, nos dias 11 a 13 de Agosto de 2023, no \u00e2mbito da realiza\u00e7\u00e3o das Festas em Honra de Nossa Senhora da Vila Velha, [&hellip;]<\/p>\n","protected":false},"author":5,"featured_media":0,"comment_status":"closed","ping_status":"closed","sticky":false,"template":"","format":"standard","meta":{"_acf_changed":false,"_exactmetrics_skip_tracking":false,"_exactmetrics_sitenote_active":false,"_exactmetrics_sitenote_note":"","_exactmetrics_sitenote_category":0,"footnotes":""},"categories":[1],"tags":[],"class_list":["post-10821","post","type-post","status-publish","format-standard","hentry","category-sem-categoria"],"acf":[],"_links":{"self":[{"href":"https:\/\/cm-fronteira.pt\/it\/wp-json\/wp\/v2\/posts\/10821","targetHints":{"allow":["GET"]}}],"collection":[{"href":"https:\/\/cm-fronteira.pt\/it\/wp-json\/wp\/v2\/posts"}],"about":[{"href":"https:\/\/cm-fronteira.pt\/it\/wp-json\/wp\/v2\/types\/post"}],"author":[{"embeddable":true,"href":"https:\/\/cm-fronteira.pt\/it\/wp-json\/wp\/v2\/users\/5"}],"replies":[{"embeddable":true,"href":"https:\/\/cm-fronteira.pt\/it\/wp-json\/wp\/v2\/comments?post=10821"}],"version-history":[{"count":11,"href":"https:\/\/cm-fronteira.pt\/it\/wp-json\/wp\/v2\/posts\/10821\/revisions"}],"predecessor-version":[{"id":22391,"href":"https:\/\/cm-fronteira.pt\/it\/wp-json\/wp\/v2\/posts\/10821\/revisions\/22391"}],"wp:attachment":[{"href":"https:\/\/cm-fronteira.pt\/it\/wp-json\/wp\/v2\/media?parent=10821"}],"wp:term":[{"taxonomy":"category","embeddable":true,"href":"https:\/\/cm-fronteira.pt\/it\/wp-json\/wp\/v2\/categories?post=10821"},{"taxonomy":"post_tag","embeddable":true,"href":"https:\/\/cm-fronteira.pt\/it\/wp-json\/wp\/v2\/tags?post=10821"}],"curies":[{"name":"wp","href":"https:\/\/api.w.org\/{rel}","templated":true}]}}