{"id":13080,"date":"2023-12-14T16:08:58","date_gmt":"2023-12-14T16:08:58","guid":{"rendered":"https:\/\/cm-fronteira.pt\/?p=13080"},"modified":"2025-01-08T16:40:34","modified_gmt":"2025-01-08T16:40:34","slug":"celebracao-de-protocolo-de-cooperacao-para-a-preservacao-e-divulgacao-do-terreiro-da-batalha-de-atoleiros","status":"publish","type":"post","link":"https:\/\/cm-fronteira.pt\/fr\/celebracao-de-protocolo-de-cooperacao-para-a-preservacao-e-divulgacao-do-terreiro-da-batalha-de-atoleiros\/","title":{"rendered":"Celebra\u00e7\u00e3o de Protocolo de Coopera\u00e7\u00e3o para a Preserva\u00e7\u00e3o e Divulga\u00e7\u00e3o do Terreiro da Batalha de Atoleiros."},"content":{"rendered":"<p><\/p>\n<div class=\"xdj266r x11i5rnm xat24cr x1mh8g0r x1vvkbs x126k92a\">\n<div dir=\"auto\" style=\"text-align: justify;\">????????????????????????????????\u0327????\u0303???? ???????? ???????????????????????????????????? ???????? ????????????????????????????????\u0327????\u0303???? ???????????????? ???? ????????????????????????????????????\u0327????\u0303???? ???? ????????????????????????????????\u0327????\u0303???? ???????? ???????????????????????????????? ???????? ???????????????????????????? ???????? ????????????????????????????????????.<\/div>\n<\/div>\n<div class=\"x11i5rnm xat24cr x1mh8g0r x1vvkbs xtlvy1s x126k92a\" style=\"text-align: justify;\">\n<div dir=\"auto\"><\/div>\n<div dir=\"auto\">O Munic\u00edpio de Fronteira, a Dire\u00e7\u00e3o Regional da Cultura do Alentejo, e a Funda\u00e7\u00e3o Batalha de Aljubarrota celebraram um Protocolo de Coopera\u00e7\u00e3o para a Preserva\u00e7\u00e3o e Divulga\u00e7\u00e3o do Terreiro da Batalha de Atoleiros.<\/div>\n<\/div>\n<div class=\"x11i5rnm xat24cr x1mh8g0r x1vvkbs xtlvy1s x126k92a\" style=\"text-align: justify;\">\n<div dir=\"auto\"><\/div>\n<div dir=\"auto\">Ap\u00f3s a classifica\u00e7\u00e3o como Monumento Nacional do \u201cTerreiro da Batalha de Atoleiros\u201d operada pelo Decreto n.\u00ba 3\/2023 de 7 de Fevereiro, em conjuga\u00e7\u00e3o com a Portaria n.\u00ba 50\/2023 de 16 de fevereiro, o protocolo visa a conjuga\u00e7\u00e3o de esfor\u00e7os no sentido de preservar, reabilitar e divulgar publicamente os principais factos relacionados com este per\u00edodo da Hist\u00f3ria de Portugal, criando condi\u00e7\u00f5es que potenciem o aumento de visitantes do Centro de Interpreta\u00e7\u00e3o da Batalha de Atoleiros, que passar\u00e1 assim a contar com a possibilidade de visitar o local onde decorreu o confronto b\u00e9lico. Ser\u00e1, nesse sentido, desenvolvido um percurso visit\u00e1vel com conte\u00fados explicativos no Terreiro da Batalha de Atoleiros.<\/div>\n<\/div>\n<div class=\"x11i5rnm xat24cr x1mh8g0r x1vvkbs xtlvy1s x126k92a\" style=\"text-align: justify;\">\n<div dir=\"auto\"><\/div>\n<div dir=\"auto\">A Batalha de Atoleiros decorreu em 6 de abril de 1384, veio refor\u00e7ar as pretens\u00f5es do Mestre de Avis e confirmou a genialidade de Nuno \u00c1lvares Pereira enquanto l\u00edder e estratega militar na defesa da independ\u00eancia portuguesa. A import\u00e2ncia da data \u00e9 relembrada anualmente pelo Munic\u00edpio de Fronteira, configurando o seu feriado municipal, e pelo Ex\u00e9rcito Portugu\u00eas.<\/div>\n<\/div>\n<div class=\"x11i5rnm xat24cr x1mh8g0r x1vvkbs xtlvy1s x126k92a\">\n<div dir=\"auto\"><\/div>\n<div dir=\"auto\" style=\"text-align: justify;\">Na celebra\u00e7\u00e3o deste Protocolo, que simbolicamente ocorreu no Centro de Interpreta\u00e7\u00e3o da Batalha de Atoleiros, em Fronteira, estiveram presentes, em representa\u00e7\u00e3o do Munic\u00edpio de Fronteira, o Presidente da C\u00e2mara Municipal, Dr. Rog\u00e9rio Silva, em representa\u00e7\u00e3o da Funda\u00e7\u00e3o Batalha de Aljubarrota o Presidente do Conselho de Administra\u00e7\u00e3o, o Dr. Ant\u00f3nio Ramalho, bem como o Administrador Dr. Jos\u00e9 Pereira Fernandes, e em representa\u00e7\u00e3o da Dire\u00e7\u00e3o Regional da Cultura do Alentejo a Senhora Diretora, a Dra. Ana Paula Amendoeira.<\/div>\n<div dir=\"auto\"><\/div>\n<\/div>\n<hr \/>\n<p>&nbsp;<\/p>\n<p>\n\t\t<style type=\"text\/css\">\n\t\t\t#gallery-7 {\n\t\t\t\tmargin: auto;\n\t\t\t}\n\t\t\t#gallery-7 .gallery-item {\n\t\t\t\tfloat: left;\n\t\t\t\tmargin-top: 10px;\n\t\t\t\ttext-align: center;\n\t\t\t\twidth: 25%;\n\t\t\t}\n\t\t\t#gallery-7 img {\n\t\t\t\tborder: 2px solid #cfcfcf;\n\t\t\t}\n\t\t\t#gallery-7 .gallery-caption {\n\t\t\t\tmargin-left: 0;\n\t\t\t}\n\t\t\t\/* see gallery_shortcode() in wp-includes\/media.php *\/\n\t\t<\/style>\n\t\t<div id='gallery-7' class='gallery galleryid-13080 gallery-columns-4 gallery-size-medium'><dl class='gallery-item'>\n\t\t\t<dt class='gallery-icon landscape'>\n\t\t\t\t<a href='https:\/\/cm-fronteira.pt\/fr\/celebracao-de-protocolo-de-cooperacao-para-a-preservacao-e-divulgacao-do-terreiro-da-batalha-de-atoleiros\/attachment\/1\/'><img loading=\"lazy\" decoding=\"async\" width=\"300\" height=\"200\" src=\"https:\/\/cm-fronteira.pt\/wp-content\/uploads\/2023\/12\/1-300x200.jpg\" class=\"attachment-medium size-medium\" alt=\"Protocolo de Coopera\u00e7\u00e3o para a Preserva\u00e7\u00e3o e Divulga\u00e7\u00e3o do Terreiro da Batalha de Atoleiros\" srcset=\"https:\/\/cm-fronteira.pt\/wp-content\/uploads\/2023\/12\/1-300x200.jpg 300w, https:\/\/cm-fronteira.pt\/wp-content\/uploads\/2023\/12\/1-1024x683.jpg 1024w, https:\/\/cm-fronteira.pt\/wp-content\/uploads\/2023\/12\/1-768x512.jpg 768w, https:\/\/cm-fronteira.pt\/wp-content\/uploads\/2023\/12\/1-1536x1024.jpg 1536w, https:\/\/cm-fronteira.pt\/wp-content\/uploads\/2023\/12\/1-2048x1365.jpg 2048w, https:\/\/cm-fronteira.pt\/wp-content\/uploads\/2023\/12\/1-1320x880.jpg 1320w\" sizes=\"auto, (max-width: 300px) 100vw, 300px\" \/><\/a>\n\t\t\t<\/dt><\/dl><dl class='gallery-item'>\n\t\t\t<dt class='gallery-icon landscape'>\n\t\t\t\t<a href='https:\/\/cm-fronteira.pt\/fr\/celebracao-de-protocolo-de-cooperacao-para-a-preservacao-e-divulgacao-do-terreiro-da-batalha-de-atoleiros\/img_5850\/'><img loading=\"lazy\" decoding=\"async\" width=\"300\" height=\"200\" src=\"https:\/\/cm-fronteira.pt\/wp-content\/uploads\/2023\/12\/IMG_5850-300x200.jpg\" class=\"attachment-medium size-medium\" alt=\"\" srcset=\"https:\/\/cm-fronteira.pt\/wp-content\/uploads\/2023\/12\/IMG_5850-300x200.jpg 300w, https:\/\/cm-fronteira.pt\/wp-content\/uploads\/2023\/12\/IMG_5850-1024x683.jpg 1024w, https:\/\/cm-fronteira.pt\/wp-content\/uploads\/2023\/12\/IMG_5850-768x512.jpg 768w, https:\/\/cm-fronteira.pt\/wp-content\/uploads\/2023\/12\/IMG_5850-1536x1024.jpg 1536w, https:\/\/cm-fronteira.pt\/wp-content\/uploads\/2023\/12\/IMG_5850-2048x1365.jpg 2048w, https:\/\/cm-fronteira.pt\/wp-content\/uploads\/2023\/12\/IMG_5850-1320x880.jpg 1320w\" sizes=\"auto, (max-width: 300px) 100vw, 300px\" \/><\/a>\n\t\t\t<\/dt><\/dl><dl class='gallery-item'>\n\t\t\t<dt class='gallery-icon landscape'>\n\t\t\t\t<a href='https:\/\/cm-fronteira.pt\/fr\/celebracao-de-protocolo-de-cooperacao-para-a-preservacao-e-divulgacao-do-terreiro-da-batalha-de-atoleiros\/img_5876\/'><img loading=\"lazy\" decoding=\"async\" width=\"300\" height=\"200\" src=\"https:\/\/cm-fronteira.pt\/wp-content\/uploads\/2023\/12\/IMG_5876-300x200.jpg\" class=\"attachment-medium size-medium\" alt=\"\" srcset=\"https:\/\/cm-fronteira.pt\/wp-content\/uploads\/2023\/12\/IMG_5876-300x200.jpg 300w, https:\/\/cm-fronteira.pt\/wp-content\/uploads\/2023\/12\/IMG_5876-1024x683.jpg 1024w, https:\/\/cm-fronteira.pt\/wp-content\/uploads\/2023\/12\/IMG_5876-768x512.jpg 768w, https:\/\/cm-fronteira.pt\/wp-content\/uploads\/2023\/12\/IMG_5876-1536x1024.jpg 1536w, https:\/\/cm-fronteira.pt\/wp-content\/uploads\/2023\/12\/IMG_5876-2048x1365.jpg 2048w, https:\/\/cm-fronteira.pt\/wp-content\/uploads\/2023\/12\/IMG_5876-1320x880.jpg 1320w\" sizes=\"auto, (max-width: 300px) 100vw, 300px\" \/><\/a>\n\t\t\t<\/dt><\/dl><dl class='gallery-item'>\n\t\t\t<dt class='gallery-icon landscape'>\n\t\t\t\t<a href='https:\/\/cm-fronteira.pt\/fr\/celebracao-de-protocolo-de-cooperacao-para-a-preservacao-e-divulgacao-do-terreiro-da-batalha-de-atoleiros\/img_5888\/'><img loading=\"lazy\" decoding=\"async\" width=\"300\" height=\"200\" src=\"https:\/\/cm-fronteira.pt\/wp-content\/uploads\/2023\/12\/IMG_5888-300x200.jpg\" class=\"attachment-medium size-medium\" alt=\"\" srcset=\"https:\/\/cm-fronteira.pt\/wp-content\/uploads\/2023\/12\/IMG_5888-300x200.jpg 300w, https:\/\/cm-fronteira.pt\/wp-content\/uploads\/2023\/12\/IMG_5888-1024x683.jpg 1024w, https:\/\/cm-fronteira.pt\/wp-content\/uploads\/2023\/12\/IMG_5888-768x512.jpg 768w, https:\/\/cm-fronteira.pt\/wp-content\/uploads\/2023\/12\/IMG_5888-1536x1024.jpg 1536w, https:\/\/cm-fronteira.pt\/wp-content\/uploads\/2023\/12\/IMG_5888-2048x1365.jpg 2048w, https:\/\/cm-fronteira.pt\/wp-content\/uploads\/2023\/12\/IMG_5888-1320x880.jpg 1320w\" sizes=\"auto, (max-width: 300px) 100vw, 300px\" \/><\/a>\n\t\t\t<\/dt><\/dl><br style=\"clear: both\" \/><dl class='gallery-item'>\n\t\t\t<dt class='gallery-icon landscape'>\n\t\t\t\t<a href='https:\/\/cm-fronteira.pt\/fr\/celebracao-de-protocolo-de-cooperacao-para-a-preservacao-e-divulgacao-do-terreiro-da-batalha-de-atoleiros\/img_5904\/'><img loading=\"lazy\" decoding=\"async\" width=\"300\" height=\"200\" src=\"https:\/\/cm-fronteira.pt\/wp-content\/uploads\/2023\/12\/IMG_5904-300x200.jpg\" class=\"attachment-medium size-medium\" alt=\"\" srcset=\"https:\/\/cm-fronteira.pt\/wp-content\/uploads\/2023\/12\/IMG_5904-300x200.jpg 300w, https:\/\/cm-fronteira.pt\/wp-content\/uploads\/2023\/12\/IMG_5904-1024x683.jpg 1024w, https:\/\/cm-fronteira.pt\/wp-content\/uploads\/2023\/12\/IMG_5904-768x512.jpg 768w, https:\/\/cm-fronteira.pt\/wp-content\/uploads\/2023\/12\/IMG_5904-1536x1024.jpg 1536w, https:\/\/cm-fronteira.pt\/wp-content\/uploads\/2023\/12\/IMG_5904-2048x1365.jpg 2048w, https:\/\/cm-fronteira.pt\/wp-content\/uploads\/2023\/12\/IMG_5904-1320x880.jpg 1320w\" sizes=\"auto, (max-width: 300px) 100vw, 300px\" \/><\/a>\n\t\t\t<\/dt><\/dl><dl class='gallery-item'>\n\t\t\t<dt class='gallery-icon landscape'>\n\t\t\t\t<a href='https:\/\/cm-fronteira.pt\/fr\/celebracao-de-protocolo-de-cooperacao-para-a-preservacao-e-divulgacao-do-terreiro-da-batalha-de-atoleiros\/img_5932\/'><img loading=\"lazy\" decoding=\"async\" width=\"300\" height=\"200\" src=\"https:\/\/cm-fronteira.pt\/wp-content\/uploads\/2023\/12\/IMG_5932-300x200.jpg\" class=\"attachment-medium size-medium\" alt=\"\" srcset=\"https:\/\/cm-fronteira.pt\/wp-content\/uploads\/2023\/12\/IMG_5932-300x200.jpg 300w, https:\/\/cm-fronteira.pt\/wp-content\/uploads\/2023\/12\/IMG_5932-1024x683.jpg 1024w, https:\/\/cm-fronteira.pt\/wp-content\/uploads\/2023\/12\/IMG_5932-768x512.jpg 768w, https:\/\/cm-fronteira.pt\/wp-content\/uploads\/2023\/12\/IMG_5932-1536x1024.jpg 1536w, https:\/\/cm-fronteira.pt\/wp-content\/uploads\/2023\/12\/IMG_5932-2048x1365.jpg 2048w, https:\/\/cm-fronteira.pt\/wp-content\/uploads\/2023\/12\/IMG_5932-1320x880.jpg 1320w\" sizes=\"auto, (max-width: 300px) 100vw, 300px\" \/><\/a>\n\t\t\t<\/dt><\/dl><dl class='gallery-item'>\n\t\t\t<dt class='gallery-icon landscape'>\n\t\t\t\t<a href='https:\/\/cm-fronteira.pt\/fr\/celebracao-de-protocolo-de-cooperacao-para-a-preservacao-e-divulgacao-do-terreiro-da-batalha-de-atoleiros\/img_5935\/'><img loading=\"lazy\" decoding=\"async\" width=\"300\" height=\"200\" src=\"https:\/\/cm-fronteira.pt\/wp-content\/uploads\/2023\/12\/IMG_5935-300x200.jpg\" class=\"attachment-medium size-medium\" alt=\"\" srcset=\"https:\/\/cm-fronteira.pt\/wp-content\/uploads\/2023\/12\/IMG_5935-300x200.jpg 300w, https:\/\/cm-fronteira.pt\/wp-content\/uploads\/2023\/12\/IMG_5935-1024x683.jpg 1024w, https:\/\/cm-fronteira.pt\/wp-content\/uploads\/2023\/12\/IMG_5935-768x512.jpg 768w, https:\/\/cm-fronteira.pt\/wp-content\/uploads\/2023\/12\/IMG_5935-1536x1024.jpg 1536w, https:\/\/cm-fronteira.pt\/wp-content\/uploads\/2023\/12\/IMG_5935-2048x1365.jpg 2048w, https:\/\/cm-fronteira.pt\/wp-content\/uploads\/2023\/12\/IMG_5935-1320x880.jpg 1320w\" sizes=\"auto, (max-width: 300px) 100vw, 300px\" \/><\/a>\n\t\t\t<\/dt><\/dl><dl class='gallery-item'>\n\t\t\t<dt class='gallery-icon landscape'>\n\t\t\t\t<a href='https:\/\/cm-fronteira.pt\/fr\/celebracao-de-protocolo-de-cooperacao-para-a-preservacao-e-divulgacao-do-terreiro-da-batalha-de-atoleiros\/img_5964\/'><img loading=\"lazy\" decoding=\"async\" width=\"300\" height=\"200\" src=\"https:\/\/cm-fronteira.pt\/wp-content\/uploads\/2023\/12\/IMG_5964-300x200.jpg\" class=\"attachment-medium size-medium\" alt=\"\" srcset=\"https:\/\/cm-fronteira.pt\/wp-content\/uploads\/2023\/12\/IMG_5964-300x200.jpg 300w, https:\/\/cm-fronteira.pt\/wp-content\/uploads\/2023\/12\/IMG_5964-1024x683.jpg 1024w, https:\/\/cm-fronteira.pt\/wp-content\/uploads\/2023\/12\/IMG_5964-768x512.jpg 768w, https:\/\/cm-fronteira.pt\/wp-content\/uploads\/2023\/12\/IMG_5964-1536x1024.jpg 1536w, https:\/\/cm-fronteira.pt\/wp-content\/uploads\/2023\/12\/IMG_5964-2048x1365.jpg 2048w, https:\/\/cm-fronteira.pt\/wp-content\/uploads\/2023\/12\/IMG_5964-1320x880.jpg 1320w\" sizes=\"auto, (max-width: 300px) 100vw, 300px\" \/><\/a>\n\t\t\t<\/dt><\/dl><br style=\"clear: both\" \/><dl class='gallery-item'>\n\t\t\t<dt class='gallery-icon landscape'>\n\t\t\t\t<a href='https:\/\/cm-fronteira.pt\/fr\/celebracao-de-protocolo-de-cooperacao-para-a-preservacao-e-divulgacao-do-terreiro-da-batalha-de-atoleiros\/img_5972\/'><img loading=\"lazy\" decoding=\"async\" width=\"300\" height=\"200\" src=\"https:\/\/cm-fronteira.pt\/wp-content\/uploads\/2023\/12\/IMG_5972-300x200.jpg\" class=\"attachment-medium size-medium\" alt=\"\" srcset=\"https:\/\/cm-fronteira.pt\/wp-content\/uploads\/2023\/12\/IMG_5972-300x200.jpg 300w, https:\/\/cm-fronteira.pt\/wp-content\/uploads\/2023\/12\/IMG_5972-1024x683.jpg 1024w, https:\/\/cm-fronteira.pt\/wp-content\/uploads\/2023\/12\/IMG_5972-768x512.jpg 768w, https:\/\/cm-fronteira.pt\/wp-content\/uploads\/2023\/12\/IMG_5972-1536x1024.jpg 1536w, https:\/\/cm-fronteira.pt\/wp-content\/uploads\/2023\/12\/IMG_5972-2048x1365.jpg 2048w, https:\/\/cm-fronteira.pt\/wp-content\/uploads\/2023\/12\/IMG_5972-1320x880.jpg 1320w\" sizes=\"auto, (max-width: 300px) 100vw, 300px\" \/><\/a>\n\t\t\t<\/dt><\/dl><dl class='gallery-item'>\n\t\t\t<dt class='gallery-icon landscape'>\n\t\t\t\t<a href='https:\/\/cm-fronteira.pt\/fr\/celebracao-de-protocolo-de-cooperacao-para-a-preservacao-e-divulgacao-do-terreiro-da-batalha-de-atoleiros\/img_5977\/'><img loading=\"lazy\" decoding=\"async\" width=\"300\" height=\"200\" src=\"https:\/\/cm-fronteira.pt\/wp-content\/uploads\/2023\/12\/IMG_5977-300x200.jpg\" class=\"attachment-medium size-medium\" alt=\"\" srcset=\"https:\/\/cm-fronteira.pt\/wp-content\/uploads\/2023\/12\/IMG_5977-300x200.jpg 300w, https:\/\/cm-fronteira.pt\/wp-content\/uploads\/2023\/12\/IMG_5977-1024x683.jpg 1024w, https:\/\/cm-fronteira.pt\/wp-content\/uploads\/2023\/12\/IMG_5977-768x512.jpg 768w, https:\/\/cm-fronteira.pt\/wp-content\/uploads\/2023\/12\/IMG_5977-1536x1024.jpg 1536w, https:\/\/cm-fronteira.pt\/wp-content\/uploads\/2023\/12\/IMG_5977-2048x1365.jpg 2048w, https:\/\/cm-fronteira.pt\/wp-content\/uploads\/2023\/12\/IMG_5977-1320x880.jpg 1320w\" sizes=\"auto, (max-width: 300px) 100vw, 300px\" \/><\/a>\n\t\t\t<\/dt><\/dl>\n\t\t\t<br style='clear: both' \/>\n\t\t<\/div>\n<\/p>","protected":false},"excerpt":{"rendered":"<p>????????????????????????????????\u0327????\u0303???? ???????? ???????????????????????????????????? ???????? ????????????????????????????????\u0327????\u0303???? ???????????????? ???? ????????????????????????????????????\u0327????\u0303???? ???? ????????????????????????????????\u0327????\u0303???? ???????? ???????????????????????????????? ???????? ???????????????????????????? ???????? ????????????????????????????????????. O Munic\u00edpio de Fronteira, a Dire\u00e7\u00e3o Regional da Cultura do Alentejo, e a Funda\u00e7\u00e3o Batalha de Aljubarrota celebraram um Protocolo de Coopera\u00e7\u00e3o para a Preserva\u00e7\u00e3o e Divulga\u00e7\u00e3o do Terreiro da Batalha de Atoleiros. Ap\u00f3s a classifica\u00e7\u00e3o como Monumento Nacional [&hellip;]<\/p>\n","protected":false},"author":5,"featured_media":0,"comment_status":"closed","ping_status":"closed","sticky":false,"template":"","format":"standard","meta":{"_acf_changed":false,"_exactmetrics_skip_tracking":false,"_exactmetrics_sitenote_active":false,"_exactmetrics_sitenote_note":"","_exactmetrics_sitenote_category":0,"footnotes":""},"categories":[1],"tags":[],"class_list":["post-13080","post","type-post","status-publish","format-standard","hentry","category-sem-categoria"],"acf":[],"_links":{"self":[{"href":"https:\/\/cm-fronteira.pt\/fr\/wp-json\/wp\/v2\/posts\/13080","targetHints":{"allow":["GET"]}}],"collection":[{"href":"https:\/\/cm-fronteira.pt\/fr\/wp-json\/wp\/v2\/posts"}],"about":[{"href":"https:\/\/cm-fronteira.pt\/fr\/wp-json\/wp\/v2\/types\/post"}],"author":[{"embeddable":true,"href":"https:\/\/cm-fronteira.pt\/fr\/wp-json\/wp\/v2\/users\/5"}],"replies":[{"embeddable":true,"href":"https:\/\/cm-fronteira.pt\/fr\/wp-json\/wp\/v2\/comments?post=13080"}],"version-history":[{"count":7,"href":"https:\/\/cm-fronteira.pt\/fr\/wp-json\/wp\/v2\/posts\/13080\/revisions"}],"predecessor-version":[{"id":21339,"href":"https:\/\/cm-fronteira.pt\/fr\/wp-json\/wp\/v2\/posts\/13080\/revisions\/21339"}],"wp:attachment":[{"href":"https:\/\/cm-fronteira.pt\/fr\/wp-json\/wp\/v2\/media?parent=13080"}],"wp:term":[{"taxonomy":"category","embeddable":true,"href":"https:\/\/cm-fronteira.pt\/fr\/wp-json\/wp\/v2\/categories?post=13080"},{"taxonomy":"post_tag","embeddable":true,"href":"https:\/\/cm-fronteira.pt\/fr\/wp-json\/wp\/v2\/tags?post=13080"}],"curies":[{"name":"wp","href":"https:\/\/api.w.org\/{rel}","templated":true}]}}