{"id":13016,"date":"2023-11-28T12:00:46","date_gmt":"2023-11-28T12:00:46","guid":{"rendered":"https:\/\/cm-fronteira.pt\/?p=13016"},"modified":"2023-11-28T12:29:09","modified_gmt":"2023-11-28T12:29:09","slug":"musica-historia-e-adrenalina-nos-25-anos-da-bp-ultimate-24-horas-tt-vila-de-fronteira","status":"publish","type":"post","link":"https:\/\/cm-fronteira.pt\/fr\/musica-historia-e-adrenalina-nos-25-anos-da-bp-ultimate-24-horas-tt-vila-de-fronteira\/","title":{"rendered":"M\u00fasica, hist\u00f3ria e adrenalina nos 25 anos da BP Ultimate 24 Horas TT Vila de Fronteira"},"content":{"rendered":"<p style=\"text-align: justify;\"><b>Um festival de m\u00fasica com os Xutos &amp; Pontap\u00e9s como cabe\u00e7as de cartaz e o lan\u00e7amento do livro \u201cEra uma vez em Fronteira: a hist\u00f3ria e as est\u00f3rias de um fen\u00f3meno popular e desportivo\u201d s\u00e3o dois momentos altos do programa de comemora\u00e7\u00f5es dos 25 anos da BP Ultimate 24 Horas TT Vila de Fronteira. Uma festa ainda maior do que o habitual que promete levar muitos milhares de espetadores \u00e0 vila alentejana, j\u00e1 no pr\u00f3ximo fim-de-semana. No plano desportivo, destaque para a participa\u00e7\u00e3o de mais de 360 pilotos, em representa\u00e7\u00e3o de 112 equipas, de sete nacionalidades. A organiza\u00e7\u00e3o \u00e9 do Autom\u00f3vel Club de Portugal.<\/b><\/p>\n<p style=\"text-align: justify;\">Em 1998 nascia na vila de Fronteira uma prova de todo-terreno \u00fanica em Portugal e que rapidamente se converteu numa das mais emblem\u00e1ticas corridas de resist\u00eancia da Europa. A BP Ultimate 24 Horas TT Vila de Fronteira comemora 25 anos com um programa especial, onde se incluem as 4 Horas SSV, a disputar na manh\u00e3 de s\u00e1bado, e a prova das 24 Horas TT, com arranque marcado para as 15h00 de s\u00e1bado.<\/p>\n<p style=\"text-align: justify;\">O apelo da prova do Autom\u00f3vel Club de Portugal e do munic\u00edpio de Fronteira continua a atrair centenas de pilotos, com diferentes tipos de experi\u00eancia e prepara\u00e7\u00e3o, de amadores a consagrados. Para o terr\u00f3dromo da vila alentejana est\u00e3o inscritos 112 concorrentes, divididos pelas provas de autom\u00f3veis (79) e SSV (33), num pelot\u00e3o com mais de 360 pilotos oriundos de\u00a0Portugal, Fran\u00e7a, B\u00e9lgica, Let\u00f3nia, \u00c1ustria, Pa\u00edses Baixos e Per\u00fa.<\/p>\n<p style=\"text-align: justify;\">Uma competi\u00e7\u00e3o aguerrida que vai ser animada com um festival de m\u00fasica para comemorar os 25 anos da prova do ACP, com um cartaz onde est\u00e3o bandas e artistas de renome, como os Xutos &amp; Pontap\u00e9s ou Quim Barreiros.<b>\u00a0<\/b>A C\u00e2mara Municipal de Fronteira criou um circuito de transportes p\u00fablicos para o festival. O pre\u00e7o dos bilhetes para o festival \u00e9 de 12\u20ac para sexta-feira, 14\u20ac para domingo ou 20\u20ac para os dois dias. O acesso \u00e0s zonas de restaura\u00e7\u00e3o e zonas espet\u00e1culo \u00e9 gratuito.<\/p>\n<p>&nbsp;<\/p>\n<p style=\"text-align: center;\"><span style=\"color: #972621;\"><b>Livro assinala anivers\u00e1rio\u00a0<\/b><\/span><\/p>\n<p style=\"text-align: justify;\">Na quinta-feira, ap\u00f3s o briefing da organiza\u00e7\u00e3o \u00e0s equipas, \u00e9 apresentado o livro\u00a0\u201cEra uma vez em Fronteira: a hist\u00f3ria e as est\u00f3rias de um fen\u00f3meno popular e desportivo\u201d.\u00a0Uma obra editada pelo Autom\u00f3vel Club de Portugal, escrita pelos jornalistas Alexandre Correia e Rui Cardoso. Um relato na primeira pessoa de 25 edi\u00e7\u00f5es como piloto, no caso de Rui Cardoso, e como jornalista, que Alexandre Correia acompanhou. Ao longo de quase 200 p\u00e1ginas revivem-se mem\u00f3rias e registam-se momentos para mais tarde recordar. O livro custa 24,90 euros e est\u00e1 dispon\u00edvel com condi\u00e7\u00f5es especiais para os s\u00f3cios do ACP. Encontra-se \u00e0 venda em loja.acp.pt e nas delega\u00e7\u00f5es do clube, al\u00e9m de estar dispon\u00edvel para venda no decorrer da prova.<\/p>\n<p>&nbsp;<\/p>\n<p style=\"text-align: center;\"><span style=\"color: #972621;\"><b>Franceses, belgas e portugueses entre os favoritos\u00a0<\/b><\/span><\/p>\n<p style=\"text-align: justify;\">Os 16,4 quil\u00f3metros do Terr\u00f3dromo de Fronteira s\u00e3o, habitualmente, palco de um embate entre as melhores equipas portuguesas e as forma\u00e7\u00f5es oriundas do Campeonato de Fran\u00e7a da especialidade, muitas delas com prot\u00f3tipos especificamente constru\u00eddos para as provas de Resist\u00eancia, ou com os competitivos SSV da categoria T3. Em 2022, o franc\u00eas Laurent Poletti chegou \u00e0 sua segunda vit\u00f3ria na prova do ACP, ao volante do prot\u00f3tipo MMP partilhado com Franck Cuisinier, Ronald Basso e Adrien Favarel. Os Can-Am tamb\u00e9m s\u00e3o m\u00e1quinas a ter em conta e, no ano passado, a equipa liderada pelo belga S\u00e9bastien Guyette, onde tamb\u00e9m estava o portugu\u00eas Marco Pereira, ficou perto da vit\u00f3ria, regressando em for\u00e7a este ano.<\/p>\n<p style=\"text-align: justify;\">Muita expectativa tamb\u00e9m para o novo carro da equipa recordista de vit\u00f3rias em Fronteira, a forma\u00e7\u00e3o de M\u00e1rio Andrade. O novo Proto Clio V6 da Andrade Competition esteve em testes nas semanas que antecederam a prova alentejana, tentando ganhar a fiabilidade que permita a Alexandre Andrade, C\u00e9dric Dupl\u00e9, Yann Morize e Florent Charvot lutarem pela vit\u00f3ria. Da distante Let\u00f3nia viajou mais um cr\u00f3nico candidato \u00e0 vit\u00f3ria em Fronteira, o Mitsubishi Pajero de Igor Skoks, R\u00fcdolfs Skoks e Arvis Pikis, um trio que venceu a prova do ACP em 2017.<\/p>\n<p style=\"text-align: justify;\">Foi h\u00e1 precisamente uma d\u00e9cada que a \u00faltima equipa (maioritariamente) portuguesa venceu as 24 Horas TT. Em 2013, Jos\u00e9 Pedro Fontes, Miguel Barbosa, Ant\u00f3nio Coimbra e Lu\u00eds Silva foram acompanhados por Nicolas Clerget no topo do p\u00f3dio. Agora, as esperan\u00e7as nacionais est\u00e3o depositadas em equipas como a da fam\u00edlia Reis, que volta a trazer a espetacular Toyota Hilux V8 pilotada pelo campe\u00e3o nacional de TT em t\u00edtulo, Tiago Reis, acompanhado pelo pai, Avelino, pelo irm\u00e3o, Edgar, e pelo cunhado, Daniel Silva.<\/p>\n<p style=\"text-align: justify;\">Depois de terem terminado no top 5 em 2022, as equipas lideradas por Am\u00e2ndio Alves (MMP) e por Jorge Cardoso (Can-Am) tamb\u00e9m podem surpreender os favoritos este ano, embora Fronteira seja sempre uma prova imprevis\u00edvel, normalmente decidida pela resili\u00eancia dos pilotos e pela resist\u00eancia das mec\u00e2nicas. Afinal de contas, s\u00e3o os 1.440 minutos mais duros do TT em Portugal.<\/p>\n<p>&nbsp;<\/p>\n<p style=\"text-align: center;\"><span style=\"color: #972621;\"><b>Para todos<\/b>\u00a0<\/span><\/p>\n<p style=\"text-align: justify;\">Com objetivos muitos diferentes das equipas dos prot\u00f3tipos e das grandes m\u00e1quinas dos agrupamentos T1 e T3, h\u00e1 concorrentes que j\u00e1 se tornaram emblem\u00e1ticos nas 24 Horas TT. \u00c9 o caso da famosa Peugeot 504 Pick-up inscrita por Joaquim Serr\u00e3o, um dos carros mais populares do p\u00fablico de\u00a0Fronteira, assim como a Renault 4L oriunda do Cadaval, inscrita pela equipa de Samuel Lima. E Fronteira volta a ter uma equipa totalmente feminina, formada por S\u00edlvia Reis, Carla Gameiro, Cristela Marto e Paula Marto, um quarteto que volta a alinhar com o pequeno Suzuki Jimny.<\/p>\n<p>&nbsp;<\/p>\n<p style=\"text-align: center;\"><span style=\"color: #972621;\"><b>Santinho Mendes defende t\u00edtulo nos SSV\u00a0<\/b><\/span><\/p>\n<p style=\"text-align: justify;\">Unicamente destinada aos SSV que competem sob a \u00e9gide da Federa\u00e7\u00e3o de Motociclismo de Portugal, a 11.\u00aa edi\u00e7\u00e3o da BP Ultimate 4 Horas SSV anima o programa de Fronteira. Entre os 33 concorrentes est\u00e3o praticamente todos os grandes nomes da categoria em Portugal, liderados pelo vencedor do ano passado, o ex-campe\u00e3o nacional Pedro Santinho Mendes. O piloto do Can-Am, que agora \u00e9 acompanhado por M\u00e1rio Ourives, ter\u00e1 forte oposi\u00e7\u00e3o no Terr\u00f3dromo de Fronteira, num pelot\u00e3o onde est\u00e3o outros antigos vencedores das 4 Horas SSV, como o campe\u00e3o nacional em t\u00edtulo, Jo\u00e3o Monteiro (Can-Am), prestes a partir para o seu primeiro Dakar, Bruno Martins (Polaris), Ant\u00f3nio Ferreira (Quaddy) e nomes consagrados, como o jovem Gon\u00e7alo Guerreiro (Polaris) ou Jo\u00e3o Dias (Can-Am).<\/p>\n<p style=\"text-align: justify;\">Destaque ainda para as presen\u00e7as do primeiro vencedor da Baja Portalegre 500, o veterano Ant\u00f3nio Bayona, num Can-Am, e do conhecido respons\u00e1vel t\u00e9cnico da Sports&amp;You, Abel Fernandes, que partilha um Can-Am com os experientes Ant\u00f3nio Coimbra e Lu\u00eds Silva.<\/p>\n<hr \/>\n<p>&nbsp;<\/p>\n<p style=\"text-align: center;\"><span style=\"color: #972621;\"><b>Hor\u00e1rio BP Ultimate 24 Horas TT Vila de\u00a0Fronteira\u00a0<\/b>\u00a0<\/span><\/p>\n<p style=\"text-align: center;\"><strong><u>Sexta-feira, 1 de dezembro\u00a0<\/u>\u00a0\u00a0<\/strong><\/p>\n<p style=\"text-align: center;\">09h30\/11h30 \u2013 Treinos livres\u00a0(todas as categorias)<\/p>\n<p style=\"text-align: center;\">14h00\/17h00 \u2013 Treinos cronometrados (categorias T1 T2, T3, T4 e Promo\u00e7\u00e3o E)<\/p>\n<p style=\"text-align: center;\">15h00\/17h00 \u2013 Treinos cronometrados (restantes categorias)<\/p>\n<p style=\"text-align: center;\">17h15\/18h30 \u2013 Treinos livres todas as categorias<\/p>\n<p style=\"text-align: center;\"><strong><u>S\u00e1bado, 2 de dezembro\u00a0<\/u>\u00a0\u00a0<\/strong><\/p>\n<p style=\"text-align: center;\">15h00 \u2013 Partida BP Ultimate 24 Horas TT Vila de Fronteira<\/p>\n<p style=\"text-align: center;\"><strong><u>Domingo, 3 de dezembro<\/u>\u00a0 \u00a0<\/strong><\/p>\n<p style=\"text-align: center;\">15h00 \u2013 Chegada BP Ultimate 24 Horas TT Vila de Fronteira<\/p>\n<p style=\"text-align: center;\">16h15 &#8211; Cerim\u00f3nia de p\u00f3dio<\/p>\n<p>&nbsp;<\/p>\n<p style=\"text-align: center;\"><span style=\"color: #972621;\"><b>Hor\u00e1rio BP Ultimate 4 Horas SSV Vila de\u00a0Fronteira\u00a0<\/b>\u00a0\u00a0<\/span><\/p>\n<p style=\"text-align: center;\"><strong><u>Sexta-feira, 1 de dezembro<\/u><\/strong><\/p>\n<p style=\"text-align: center;\">11h45\/13h45 \u2013 Treinos livres e cronometrados<\/p>\n<p style=\"text-align: center;\"><strong><u>S\u00e1bado, 2 de dezembro<\/u><\/strong><\/p>\n<p style=\"text-align: center;\">09h00 \u2013 Partida BP Ultimate 4 Horas SSV Vila de Fronteira<\/p>\n<p style=\"text-align: center;\">12h00 \u2013 Chegada\u00a0BP Ultimate 4 Horas SSV Vila de Fronteira<\/p>\n<p style=\"text-align: center;\">13h45 &#8211; Cerim\u00f3nia de p\u00f3dio<\/p>\n<p>&nbsp;<\/p>\n<hr \/>\n<p style=\"text-align: justify;\"><em>Para informa\u00e7\u00f5es:<\/em><br \/>\n<em>press.motorsport@acp.pt<\/em><\/p>\n","protected":false},"excerpt":{"rendered":"<p>Um festival de m\u00fasica com os Xutos &amp; Pontap\u00e9s como cabe\u00e7as de cartaz e o lan\u00e7amento do livro \u201cEra uma vez em Fronteira: a hist\u00f3ria e as est\u00f3rias de um fen\u00f3meno popular e desportivo\u201d s\u00e3o dois momentos altos do programa de comemora\u00e7\u00f5es dos 25 anos da BP Ultimate 24 Horas TT Vila de Fronteira. Uma [&hellip;]<\/p>\n","protected":false},"author":5,"featured_media":13020,"comment_status":"closed","ping_status":"closed","sticky":false,"template":"","format":"standard","meta":{"_acf_changed":false,"_exactmetrics_skip_tracking":false,"_exactmetrics_sitenote_active":false,"_exactmetrics_sitenote_note":"","_exactmetrics_sitenote_category":0,"footnotes":""},"categories":[1],"tags":[],"class_list":["post-13016","post","type-post","status-publish","format-standard","has-post-thumbnail","hentry","category-sem-categoria"],"acf":[],"_links":{"self":[{"href":"https:\/\/cm-fronteira.pt\/fr\/wp-json\/wp\/v2\/posts\/13016","targetHints":{"allow":["GET"]}}],"collection":[{"href":"https:\/\/cm-fronteira.pt\/fr\/wp-json\/wp\/v2\/posts"}],"about":[{"href":"https:\/\/cm-fronteira.pt\/fr\/wp-json\/wp\/v2\/types\/post"}],"author":[{"embeddable":true,"href":"https:\/\/cm-fronteira.pt\/fr\/wp-json\/wp\/v2\/users\/5"}],"replies":[{"embeddable":true,"href":"https:\/\/cm-fronteira.pt\/fr\/wp-json\/wp\/v2\/comments?post=13016"}],"version-history":[{"count":3,"href":"https:\/\/cm-fronteira.pt\/fr\/wp-json\/wp\/v2\/posts\/13016\/revisions"}],"predecessor-version":[{"id":13024,"href":"https:\/\/cm-fronteira.pt\/fr\/wp-json\/wp\/v2\/posts\/13016\/revisions\/13024"}],"wp:featuredmedia":[{"embeddable":true,"href":"https:\/\/cm-fronteira.pt\/fr\/wp-json\/wp\/v2\/media\/13020"}],"wp:attachment":[{"href":"https:\/\/cm-fronteira.pt\/fr\/wp-json\/wp\/v2\/media?parent=13016"}],"wp:term":[{"taxonomy":"category","embeddable":true,"href":"https:\/\/cm-fronteira.pt\/fr\/wp-json\/wp\/v2\/categories?post=13016"},{"taxonomy":"post_tag","embeddable":true,"href":"https:\/\/cm-fronteira.pt\/fr\/wp-json\/wp\/v2\/tags?post=13016"}],"curies":[{"name":"wp","href":"https:\/\/api.w.org\/{rel}","templated":true}]}}