{"id":12677,"date":"2023-10-25T09:05:41","date_gmt":"2023-10-25T09:05:41","guid":{"rendered":"https:\/\/cm-fronteira.pt\/?p=12677"},"modified":"2025-01-08T15:42:22","modified_gmt":"2025-01-08T15:42:22","slug":"abate-preventivo-do-eucalipto-junto-a-ponte-sobre-a-ribeira-grande","status":"publish","type":"post","link":"https:\/\/cm-fronteira.pt\/fr\/abate-preventivo-do-eucalipto-junto-a-ponte-sobre-a-ribeira-grande\/","title":{"rendered":"Abate Preventivo do Eucalipto junto \u00e0 Ponte sobre a Ribeira Grande"},"content":{"rendered":"<p style=\"text-align: justify;\">Na sequ\u00eancia das intemp\u00e9ries de dezembro de 2022, o Munic\u00edpio de Fronteira solicitou \u00e0 Escola Agr\u00e1ria do Instituto Polit\u00e9cnico de Viseu uma avalia\u00e7\u00e3o Fitossanit\u00e1ria e Biomec\u00e2nica ao eucalipto junto \u00e0 ponte sobre a Ribeira Grande, de modo a avaliar a sua estabilidade e eventuais riscos que esta possa representar para a via p\u00fablica e para a seguran\u00e7a de pessoas e bens.<\/p>\n<p style=\"text-align: justify;\">O parecer emitido e devidamente sustentado concluiu que \u201cA \u00e1rvore apresenta Grau de fratura Elevado. (\u2026) Quanto \u00e0 Probabilidade de atingir um alvo, constata-se que esta est\u00e1 implantada num local muito frequentado por pessoas e ve\u00edculos, pelo que se considera Elevada. Assim, o n\u00edvel de risco \u00e9 considerado CR\u00cdTICO.<br \/>\n(\u2026) a sintomatologia apresentada por este exemplar arb\u00f3reo, o qual denota uma acentuada perda de vigor e decrepitude, por for\u00e7a da evolu\u00e7\u00e3o da podrid\u00e3o na zona do colo que se prolonga para o tronco e atinge uma larga propor\u00e7\u00e3o da copa, coloca em causa a estabilidade estrutural e biomec\u00e2nica da \u00e1rvore. Acresce que atendendo \u00e0 sua localiza\u00e7\u00e3o, pr\u00f3xima da estrada EN 245 e \u00e0 ponte e por ser um lugar frequentado, deve ser considerado o seu abate como a medida preventiva de seguran\u00e7a mais ajustada.<\/p>\n<p style=\"text-align: justify;\">Uma eventual op\u00e7\u00e3o pela manuten\u00e7\u00e3o do exemplar por elevado interesse patrimonial, evocando quest\u00f5es de \u00edndole cultural, paisag\u00edstica ou outra, obrigaria \u00e0 realiza\u00e7\u00e3o de um conjunto de interven\u00e7\u00f5es sem quaisquer garantias de sucesso no controlo e estabiliza\u00e7\u00e3o estrutural e biomec\u00e2nica da \u00e1rvore.\u201d<\/p>\n<p style=\"text-align: justify;\">Entretanto, o Munic\u00edpio de Fronteira solicitou mais opini\u00f5es t\u00e9cnicas sobre a fundamenta\u00e7\u00e3o e conclus\u00f5es alcan\u00e7adas no referido parecer, sendo un\u00e2nime que a solu\u00e7\u00e3o do abate da \u00e1rvore era a \u00fanica tecnicamente adequada para a seguran\u00e7a de pessoas e bens.<\/p>\n<p style=\"text-align: justify;\">Nessa medida, por se encontrar nas minhas compet\u00eancias em mat\u00e9ria de prote\u00e7\u00e3o civil, e porque a seguran\u00e7a da vida e integridade f\u00edsica do ser humano vem acima de quaisquer outros valores, ordenei que se procedesse ao abate preventivo do referido eucalipto com recurso a empresa especializada na \u00e1rea, tendo o mesmo ocorrido na presente data.<\/p>\n<p>&nbsp;<\/p>\n<p style=\"text-align: justify;\">O Presidente da C\u00e2mara Municipal de Fronteira,<\/p>\n<p style=\"text-align: justify;\"><em><strong>Rog\u00e9rio David Sadio da Silva<\/strong><\/em><\/p>\n","protected":false},"excerpt":{"rendered":"<p>Na sequ\u00eancia das intemp\u00e9ries de dezembro de 2022, o Munic\u00edpio de Fronteira solicitou \u00e0 Escola Agr\u00e1ria do Instituto Polit\u00e9cnico de Viseu uma avalia\u00e7\u00e3o Fitossanit\u00e1ria e Biomec\u00e2nica ao eucalipto junto \u00e0 ponte sobre a Ribeira Grande, de modo a avaliar a sua estabilidade e eventuais riscos que esta possa representar para a via p\u00fablica e para [&hellip;]<\/p>\n","protected":false},"author":5,"featured_media":21288,"comment_status":"closed","ping_status":"closed","sticky":false,"template":"","format":"standard","meta":{"_acf_changed":false,"_exactmetrics_skip_tracking":false,"_exactmetrics_sitenote_active":false,"_exactmetrics_sitenote_note":"","_exactmetrics_sitenote_category":0,"footnotes":""},"categories":[1],"tags":[],"class_list":["post-12677","post","type-post","status-publish","format-standard","has-post-thumbnail","hentry","category-sem-categoria"],"acf":[],"_links":{"self":[{"href":"https:\/\/cm-fronteira.pt\/fr\/wp-json\/wp\/v2\/posts\/12677","targetHints":{"allow":["GET"]}}],"collection":[{"href":"https:\/\/cm-fronteira.pt\/fr\/wp-json\/wp\/v2\/posts"}],"about":[{"href":"https:\/\/cm-fronteira.pt\/fr\/wp-json\/wp\/v2\/types\/post"}],"author":[{"embeddable":true,"href":"https:\/\/cm-fronteira.pt\/fr\/wp-json\/wp\/v2\/users\/5"}],"replies":[{"embeddable":true,"href":"https:\/\/cm-fronteira.pt\/fr\/wp-json\/wp\/v2\/comments?post=12677"}],"version-history":[{"count":6,"href":"https:\/\/cm-fronteira.pt\/fr\/wp-json\/wp\/v2\/posts\/12677\/revisions"}],"predecessor-version":[{"id":21290,"href":"https:\/\/cm-fronteira.pt\/fr\/wp-json\/wp\/v2\/posts\/12677\/revisions\/21290"}],"wp:featuredmedia":[{"embeddable":true,"href":"https:\/\/cm-fronteira.pt\/fr\/wp-json\/wp\/v2\/media\/21288"}],"wp:attachment":[{"href":"https:\/\/cm-fronteira.pt\/fr\/wp-json\/wp\/v2\/media?parent=12677"}],"wp:term":[{"taxonomy":"category","embeddable":true,"href":"https:\/\/cm-fronteira.pt\/fr\/wp-json\/wp\/v2\/categories?post=12677"},{"taxonomy":"post_tag","embeddable":true,"href":"https:\/\/cm-fronteira.pt\/fr\/wp-json\/wp\/v2\/tags?post=12677"}],"curies":[{"name":"wp","href":"https:\/\/api.w.org\/{rel}","templated":true}]}}