{"id":12478,"date":"2023-08-11T11:04:56","date_gmt":"2023-08-11T11:04:56","guid":{"rendered":"https:\/\/cm-fronteira.pt\/?p=12478"},"modified":"2023-10-31T18:08:17","modified_gmt":"2023-10-31T18:08:17","slug":"posto-de-atendimento-aguas-do-alto-alentejo","status":"publish","type":"post","link":"https:\/\/cm-fronteira.pt\/fr\/posto-de-atendimento-aguas-do-alto-alentejo\/","title":{"rendered":"Posto de atendimento &#8211; \u00c1guas do Alto Alentejo"},"content":{"rendered":"<p>A partir do dia 14 de agosto, o atendimento em Fronteira voltar\u00e1 a ser realizado duas vezes por semana, na ter\u00e7a e quinta-feira.<\/p>\n","protected":false},"excerpt":{"rendered":"<p>A partir do dia 14 de agosto, o atendimento em Fronteira voltar\u00e1 a ser realizado duas vezes por semana, na ter\u00e7a e quinta-feira.<\/p>\n","protected":false},"author":5,"featured_media":0,"comment_status":"closed","ping_status":"closed","sticky":false,"template":"","format":"standard","meta":{"_acf_changed":false,"_exactmetrics_skip_tracking":false,"_exactmetrics_sitenote_active":false,"_exactmetrics_sitenote_note":"","_exactmetrics_sitenote_category":0,"footnotes":""},"categories":[1],"tags":[],"class_list":["post-12478","post","type-post","status-publish","format-standard","hentry","category-sem-categoria"],"acf":[],"_links":{"self":[{"href":"https:\/\/cm-fronteira.pt\/fr\/wp-json\/wp\/v2\/posts\/12478","targetHints":{"allow":["GET"]}}],"collection":[{"href":"https:\/\/cm-fronteira.pt\/fr\/wp-json\/wp\/v2\/posts"}],"about":[{"href":"https:\/\/cm-fronteira.pt\/fr\/wp-json\/wp\/v2\/types\/post"}],"author":[{"embeddable":true,"href":"https:\/\/cm-fronteira.pt\/fr\/wp-json\/wp\/v2\/users\/5"}],"replies":[{"embeddable":true,"href":"https:\/\/cm-fronteira.pt\/fr\/wp-json\/wp\/v2\/comments?post=12478"}],"version-history":[{"count":4,"href":"https:\/\/cm-fronteira.pt\/fr\/wp-json\/wp\/v2\/posts\/12478\/revisions"}],"predecessor-version":[{"id":12893,"href":"https:\/\/cm-fronteira.pt\/fr\/wp-json\/wp\/v2\/posts\/12478\/revisions\/12893"}],"wp:attachment":[{"href":"https:\/\/cm-fronteira.pt\/fr\/wp-json\/wp\/v2\/media?parent=12478"}],"wp:term":[{"taxonomy":"category","embeddable":true,"href":"https:\/\/cm-fronteira.pt\/fr\/wp-json\/wp\/v2\/categories?post=12478"},{"taxonomy":"post_tag","embeddable":true,"href":"https:\/\/cm-fronteira.pt\/fr\/wp-json\/wp\/v2\/tags?post=12478"}],"curies":[{"name":"wp","href":"https:\/\/api.w.org\/{rel}","templated":true}]}}