{"id":12146,"date":"2023-05-19T13:49:23","date_gmt":"2023-05-19T13:49:23","guid":{"rendered":"https:\/\/cm-fronteira.pt\/?p=12146"},"modified":"2025-01-08T16:44:27","modified_gmt":"2025-01-08T16:44:27","slug":"nova-viatura-para-os-sapadores-florestais-de-fronteira","status":"publish","type":"post","link":"https:\/\/cm-fronteira.pt\/fr\/nova-viatura-para-os-sapadores-florestais-de-fronteira\/","title":{"rendered":"Nova viatura para os Sapadores Florestais de Fronteira."},"content":{"rendered":"<p><\/p>\n<h3 class=\"xdj266r x11i5rnm xat24cr x1mh8g0r x1vvkbs x126k92a\" style=\"text-align: justify;\">???????????????????????????????????? ???????????????????????????????????????? ???????? ???????????????????????????????????? ????????????????????????\u0327???????????????? ???????????? ???????????????? ???????????????????????????? ???????? ???????????????????????????? ???? ????????????????????????????\u0327????\u0303???? ???? ????????????????\u0302????????????????????.<\/h3>\n<p class=\"xdj266r x11i5rnm xat24cr x1mh8g0r x1vvkbs x126k92a\" style=\"text-align: justify;\">A equipa de sapadores florestais do Munic\u00edpio de Fronteira foi refor\u00e7ada, com uma nova viatura de combate a inc\u00eandios. Iniciativa que decorre no \u00e2mbito do programa \u00abSapadores Florestais\u00bb, com o apoio do PRR 2020 \u2013 Programa de Recupera\u00e7\u00e3o e Resili\u00eancia.<\/p>\n<p class=\"xdj266r x11i5rnm xat24cr x1mh8g0r x1vvkbs x126k92a\" style=\"text-align: justify;\">Este investimento em mais recursos para o Munic\u00edpio visa melhorar as condi\u00e7\u00f5es de trabalho dos colaboradores, melhorando, assim tamb\u00e9m, os servi\u00e7os prestados aos mun\u00edcipes. Continuamos a refor\u00e7ar a nossa capacidade de resposta na preven\u00e7\u00e3o e combate a inc\u00eandios<\/p>\n<p class=\"xdj266r x11i5rnm xat24cr x1mh8g0r x1vvkbs x126k92a\" style=\"text-align: justify;\">A cerim\u00f3nia de entrega, decorreu esta segunda-feira, no Centro Nacional de Exposi\u00e7\u00f5es (CNEMA), em Santar\u00e9m, e contou com a presen\u00e7a do Vereador Ant\u00f3nio Gomes.<\/p>\n<p>&nbsp;<\/p>\n<p>&nbsp;<\/p>\n<p dir=\"auto\">\n<p><\/p>","protected":false},"excerpt":{"rendered":"<p>???????????????????????????????????? ???????????????????????????????????????? ???????? ???????????????????????????????????? ????????????????????????\u0327???????????????? ???????????? ???????????????? ???????????????????????????? ???????? ???????????????????????????? ???? ????????????????????????????\u0327????\u0303???? ???? ????????????????\u0302????????????????????. A equipa de sapadores florestais do Munic\u00edpio de Fronteira foi refor\u00e7ada, com uma nova viatura de combate a inc\u00eandios. Iniciativa que decorre no \u00e2mbito do programa \u00abSapadores Florestais\u00bb, com o apoio do PRR 2020 \u2013 Programa de Recupera\u00e7\u00e3o e Resili\u00eancia. Este [&hellip;]<\/p>\n","protected":false},"author":5,"featured_media":0,"comment_status":"closed","ping_status":"closed","sticky":false,"template":"","format":"standard","meta":{"_acf_changed":false,"_exactmetrics_skip_tracking":false,"_exactmetrics_sitenote_active":false,"_exactmetrics_sitenote_note":"","_exactmetrics_sitenote_category":0,"footnotes":""},"categories":[1],"tags":[],"class_list":["post-12146","post","type-post","status-publish","format-standard","hentry","category-sem-categoria"],"acf":[],"_links":{"self":[{"href":"https:\/\/cm-fronteira.pt\/fr\/wp-json\/wp\/v2\/posts\/12146","targetHints":{"allow":["GET"]}}],"collection":[{"href":"https:\/\/cm-fronteira.pt\/fr\/wp-json\/wp\/v2\/posts"}],"about":[{"href":"https:\/\/cm-fronteira.pt\/fr\/wp-json\/wp\/v2\/types\/post"}],"author":[{"embeddable":true,"href":"https:\/\/cm-fronteira.pt\/fr\/wp-json\/wp\/v2\/users\/5"}],"replies":[{"embeddable":true,"href":"https:\/\/cm-fronteira.pt\/fr\/wp-json\/wp\/v2\/comments?post=12146"}],"version-history":[{"count":12,"href":"https:\/\/cm-fronteira.pt\/fr\/wp-json\/wp\/v2\/posts\/12146\/revisions"}],"predecessor-version":[{"id":21342,"href":"https:\/\/cm-fronteira.pt\/fr\/wp-json\/wp\/v2\/posts\/12146\/revisions\/21342"}],"wp:attachment":[{"href":"https:\/\/cm-fronteira.pt\/fr\/wp-json\/wp\/v2\/media?parent=12146"}],"wp:term":[{"taxonomy":"category","embeddable":true,"href":"https:\/\/cm-fronteira.pt\/fr\/wp-json\/wp\/v2\/categories?post=12146"},{"taxonomy":"post_tag","embeddable":true,"href":"https:\/\/cm-fronteira.pt\/fr\/wp-json\/wp\/v2\/tags?post=12146"}],"curies":[{"name":"wp","href":"https:\/\/api.w.org\/{rel}","templated":true}]}}