{"id":11233,"date":"2025-09-05T11:08:46","date_gmt":"2025-09-05T11:08:46","guid":{"rendered":"https:\/\/cm-fronteira.pt\/?p=11233"},"modified":"2025-09-08T13:26:10","modified_gmt":"2025-09-08T13:26:10","slug":"fronteiractiva-epoca-2025-2026","status":"publish","type":"post","link":"https:\/\/cm-fronteira.pt\/fr\/fronteiractiva-epoca-2025-2026\/","title":{"rendered":"FronteirActiva | \u00c9poca 2023-2024"},"content":{"rendered":"<p><\/p>\n<p style=\"text-align: justify\">J\u00e1 se encontram dispon\u00edveis, em cartaz, os hor\u00e1rios e modalidades da <strong>FronteirActiva<\/strong>, assim como os hor\u00e1rios de funcionamento da <strong>Piscina Municipal Coberta.<\/strong><\/p>\n<p><span style=\"color: #972621\"><strong><a style=\"color: #972621\" href=\"https:\/\/cm-fronteira.pt\/lazer\/eventos-e-atividades-desportivas\/fronteiractiva\/\">+INFO.<\/a><\/strong><\/span><\/p>","protected":false},"excerpt":{"rendered":"<p>J\u00e1 se encontram dispon\u00edveis, em cartaz, os hor\u00e1rios e modalidades da FronteirActiva, assim como os hor\u00e1rios de funcionamento da Piscina Municipal Coberta. +INFO.<\/p>\n","protected":false},"author":5,"featured_media":9309,"comment_status":"closed","ping_status":"closed","sticky":false,"template":"","format":"standard","meta":{"_acf_changed":false,"_exactmetrics_skip_tracking":false,"_exactmetrics_sitenote_active":false,"_exactmetrics_sitenote_note":"","_exactmetrics_sitenote_category":0,"footnotes":""},"categories":[1],"tags":[],"class_list":["post-11233","post","type-post","status-publish","format-standard","has-post-thumbnail","hentry","category-sem-categoria"],"acf":[],"_links":{"self":[{"href":"https:\/\/cm-fronteira.pt\/fr\/wp-json\/wp\/v2\/posts\/11233","targetHints":{"allow":["GET"]}}],"collection":[{"href":"https:\/\/cm-fronteira.pt\/fr\/wp-json\/wp\/v2\/posts"}],"about":[{"href":"https:\/\/cm-fronteira.pt\/fr\/wp-json\/wp\/v2\/types\/post"}],"author":[{"embeddable":true,"href":"https:\/\/cm-fronteira.pt\/fr\/wp-json\/wp\/v2\/users\/5"}],"replies":[{"embeddable":true,"href":"https:\/\/cm-fronteira.pt\/fr\/wp-json\/wp\/v2\/comments?post=11233"}],"version-history":[{"count":8,"href":"https:\/\/cm-fronteira.pt\/fr\/wp-json\/wp\/v2\/posts\/11233\/revisions"}],"predecessor-version":[{"id":22488,"href":"https:\/\/cm-fronteira.pt\/fr\/wp-json\/wp\/v2\/posts\/11233\/revisions\/22488"}],"wp:featuredmedia":[{"embeddable":true,"href":"https:\/\/cm-fronteira.pt\/fr\/wp-json\/wp\/v2\/media\/9309"}],"wp:attachment":[{"href":"https:\/\/cm-fronteira.pt\/fr\/wp-json\/wp\/v2\/media?parent=11233"}],"wp:term":[{"taxonomy":"category","embeddable":true,"href":"https:\/\/cm-fronteira.pt\/fr\/wp-json\/wp\/v2\/categories?post=11233"},{"taxonomy":"post_tag","embeddable":true,"href":"https:\/\/cm-fronteira.pt\/fr\/wp-json\/wp\/v2\/tags?post=11233"}],"curies":[{"name":"wp","href":"https:\/\/api.w.org\/{rel}","templated":true}]}}