{"id":10763,"date":"2023-08-07T09:00:35","date_gmt":"2023-08-07T09:00:35","guid":{"rendered":"https:\/\/cm-fronteira.pt\/?p=10763"},"modified":"2023-10-31T18:08:11","modified_gmt":"2023-10-31T18:08:11","slug":"as-festas-de-verao-de-fronteira-sao-ja-no-proximo-fim-de-semana","status":"publish","type":"post","link":"https:\/\/cm-fronteira.pt\/fr\/as-festas-de-verao-de-fronteira-sao-ja-no-proximo-fim-de-semana\/","title":{"rendered":"As Festas de Ver\u00e3o de Fronteira s\u00e3o j\u00e1 no pr\u00f3ximo fim de semana!"},"content":{"rendered":"<div class=\"kvgmc6g5 cxmmr5t8 oygrvhab hcukyx3x c1et5uql ii04i59q\"><\/div>\n<div dir=\"auto\" style=\"text-align: justify;\">As Festas de Ver\u00e3o da Vila de Fronteira regressam j\u00e1 este fim de semana de <strong>11 a 13 de agosto de 2023.<\/strong><\/div>\n<div dir=\"auto\" style=\"text-align: justify;\">Al\u00e9m dos concertos musicais, as festas s\u00e3o marcadas pelas eucaristias e prociss\u00f5es em torno da imagem de Nossa Senhora da Vila Velha.<\/div>\n<div dir=\"auto\" style=\"text-align: justify;\">O recinto das festas ser\u00e1 no centro da vila, junto \u00e0 Igreja Matriz de Fronteira, as receitas da festa reverter\u00e3o a favor dos <a class=\"oajrlxb2 g5ia77u1 qu0x051f esr5mh6w e9989ue4 r7d6kgcz rq0escxv nhd2j8a9 nc684nl6 p7hjln8o kvgmc6g5 cxmmr5t8 oygrvhab hcukyx3x jb3vyjys rz4wbd8a qt6c0cv9 a8nywdso i1ao9s8h esuyzwwr f1sip0of lzcic4wl gpro0wi8 q66pz984 b1v8xokw\" role=\"link\" href=\"https:\/\/www.facebook.com\/bvfronteira?__cft__[0]=AZXuuks-sT2hbGivGxtfOgMNri_c-lEzsnlmjus-5LDUGXR-g7ZcsQCpHHPglsqwY-_Id1e1JBVmwuq8677BuSYXkpKNm7kf5d3-zIMKyPgxe6ZWqhjVAMgO3AX8TEbXRByv2_kbKoMbGqj1jfGi05YYah5AfWsCSNHCIJUYQyOErYt3ZfalimOZAJQj8bl1oQbBQ9daDbeFz_ITL0rMybVX&amp;__tn__=-]K-R\" target=\"_blank\" rel=\"noopener\"><span class=\"nc684nl6\">Bombeiros Volunt\u00e1rios de Fronteira.<\/span><\/a><\/div>\n<div dir=\"auto\" style=\"text-align: justify;\"><\/div>\n<div dir=\"auto\" style=\"text-align: justify;\">\n<div class=\"xdj266r x11i5rnm xat24cr x1mh8g0r x1vvkbs x126k92a\">\n<div dir=\"auto\"><strong>As FESTAS DE VER\u00c3O DE FRONTEIRA est\u00e3o certificadas como ECOEVENTO pela VALNOR.<\/strong><\/div>\n<\/div>\n<div class=\"x11i5rnm xat24cr x1mh8g0r x1vvkbs xtlvy1s x126k92a\">\n<div dir=\"auto\">A VALNOR encontra-se a promover e a apoiar eventos sustent\u00e1veis com o objetivo de alargar h\u00e1bitos ambientais.<\/div>\n<\/div>\n<div class=\"x11i5rnm xat24cr x1mh8g0r x1vvkbs xtlvy1s x126k92a\">\n<div dir=\"auto\">As Festas de Ver\u00e3o em Honra de Nossa Senhora da Vila Velha, v\u00e3o receber o estatuto de EcoEvento, pela VALNOR, pois cumprem com todos os crit\u00e9rios estipulados por forma a assegurar a adequada gest\u00e3o de res\u00edduos produzidos no recinto do evento.<\/div>\n<div dir=\"auto\">A VALNOR disponibilizar\u00e1 os devidos contentores para a separa\u00e7\u00e3o de res\u00edduos, bem como a sua recolha e encaminhamento para valoriza\u00e7\u00e3o\/reciclagem.<\/div>\n<\/div>\n<\/div>\n<div dir=\"auto\" style=\"text-align: justify;\"><\/div>\n<div dir=\"auto\" style=\"text-align: justify;\">As entradas s\u00e3o gratuitas. A sua presen\u00e7a \u00e9 obrigat\u00f3ria.<\/div>\n<div dir=\"auto\" style=\"text-align: justify;\"><\/div>\n<div dir=\"auto\" style=\"text-align: justify;\"><span style=\"text-align: justify;\">Visite-nos!<\/span><\/div>\n<p>&nbsp;<\/p>\n<p><a href=\"https:\/\/cm-fronteira.pt\/wp-content\/uploads\/2023\/07\/Programa-Geral_FestasFronteira_2023.png\"><img loading=\"lazy\" decoding=\"async\" class=\"aligncenter size-large wp-image-12454\" src=\"https:\/\/cm-fronteira.pt\/wp-content\/uploads\/2023\/07\/Programa-Geral_FestasFronteira_2023-724x1024.png\" alt=\"\" width=\"724\" height=\"1024\" \/><\/a><\/p>\n<p>&nbsp;<\/p>\n","protected":false},"excerpt":{"rendered":"<p>As Festas de Ver\u00e3o da Vila de Fronteira regressam j\u00e1 este fim de semana de 11 a 13 de agosto de 2023. Al\u00e9m dos concertos musicais, as festas s\u00e3o marcadas pelas eucaristias e prociss\u00f5es em torno da imagem de Nossa Senhora da Vila Velha. O recinto das festas ser\u00e1 no centro da vila, junto \u00e0 [&hellip;]<\/p>\n","protected":false},"author":5,"featured_media":0,"comment_status":"closed","ping_status":"closed","sticky":false,"template":"","format":"standard","meta":{"_acf_changed":false,"_exactmetrics_skip_tracking":false,"_exactmetrics_sitenote_active":false,"_exactmetrics_sitenote_note":"","_exactmetrics_sitenote_category":0,"footnotes":""},"categories":[1],"tags":[],"class_list":["post-10763","post","type-post","status-publish","format-standard","hentry","category-sem-categoria"],"acf":[],"_links":{"self":[{"href":"https:\/\/cm-fronteira.pt\/fr\/wp-json\/wp\/v2\/posts\/10763","targetHints":{"allow":["GET"]}}],"collection":[{"href":"https:\/\/cm-fronteira.pt\/fr\/wp-json\/wp\/v2\/posts"}],"about":[{"href":"https:\/\/cm-fronteira.pt\/fr\/wp-json\/wp\/v2\/types\/post"}],"author":[{"embeddable":true,"href":"https:\/\/cm-fronteira.pt\/fr\/wp-json\/wp\/v2\/users\/5"}],"replies":[{"embeddable":true,"href":"https:\/\/cm-fronteira.pt\/fr\/wp-json\/wp\/v2\/comments?post=10763"}],"version-history":[{"count":12,"href":"https:\/\/cm-fronteira.pt\/fr\/wp-json\/wp\/v2\/posts\/10763\/revisions"}],"predecessor-version":[{"id":12891,"href":"https:\/\/cm-fronteira.pt\/fr\/wp-json\/wp\/v2\/posts\/10763\/revisions\/12891"}],"wp:attachment":[{"href":"https:\/\/cm-fronteira.pt\/fr\/wp-json\/wp\/v2\/media?parent=10763"}],"wp:term":[{"taxonomy":"category","embeddable":true,"href":"https:\/\/cm-fronteira.pt\/fr\/wp-json\/wp\/v2\/categories?post=10763"},{"taxonomy":"post_tag","embeddable":true,"href":"https:\/\/cm-fronteira.pt\/fr\/wp-json\/wp\/v2\/tags?post=10763"}],"curies":[{"name":"wp","href":"https:\/\/api.w.org\/{rel}","templated":true}]}}