{"id":23250,"date":"2025-12-05T16:41:15","date_gmt":"2025-12-05T16:41:15","guid":{"rendered":"https:\/\/cm-fronteira.pt\/?p=23250"},"modified":"2025-12-05T16:43:34","modified_gmt":"2025-12-05T16:43:34","slug":"24-horas-tt-vila-de-fronteira-2025-quase-a-comecar","status":"publish","type":"post","link":"https:\/\/cm-fronteira.pt\/es\/24-horas-tt-vila-de-fronteira-2025-quase-a-comecar\/","title":{"rendered":"(Portugu\u00eas) 24 Horas TT Vila de Fronteira 2025, quase a come\u00e7ar!"},"content":{"rendered":"<p class=\"qtranxs-available-languages-message qtranxs-available-languages-message-es\">Disculpa, pero esta entrada est\u00e1 disponible s\u00f3lo en <a href=\"https:\/\/cm-fronteira.pt\/pt\/wp-json\/wp\/v2\/posts\/23250\" class=\"qtranxs-available-language-link qtranxs-available-language-link-pt\" title=\"Portugu\u00eas\">Portugu\u00eas<\/a>.<\/p>","protected":false},"excerpt":{"rendered":"<p>Disculpa, pero esta entrada est\u00e1 disponible s\u00f3lo en Portugu\u00eas.<\/p>\n","protected":false},"author":5,"featured_media":0,"comment_status":"closed","ping_status":"closed","sticky":false,"template":"","format":"standard","meta":{"_acf_changed":false,"_exactmetrics_skip_tracking":false,"_exactmetrics_sitenote_active":false,"_exactmetrics_sitenote_note":"","_exactmetrics_sitenote_category":0,"footnotes":""},"categories":[1349],"tags":[],"class_list":["post-23250","post","type-post","status-publish","format-standard","hentry","category-eventos"],"acf":[],"_links":{"self":[{"href":"https:\/\/cm-fronteira.pt\/es\/wp-json\/wp\/v2\/posts\/23250","targetHints":{"allow":["GET"]}}],"collection":[{"href":"https:\/\/cm-fronteira.pt\/es\/wp-json\/wp\/v2\/posts"}],"about":[{"href":"https:\/\/cm-fronteira.pt\/es\/wp-json\/wp\/v2\/types\/post"}],"author":[{"embeddable":true,"href":"https:\/\/cm-fronteira.pt\/es\/wp-json\/wp\/v2\/users\/5"}],"replies":[{"embeddable":true,"href":"https:\/\/cm-fronteira.pt\/es\/wp-json\/wp\/v2\/comments?post=23250"}],"version-history":[{"count":3,"href":"https:\/\/cm-fronteira.pt\/es\/wp-json\/wp\/v2\/posts\/23250\/revisions"}],"predecessor-version":[{"id":23253,"href":"https:\/\/cm-fronteira.pt\/es\/wp-json\/wp\/v2\/posts\/23250\/revisions\/23253"}],"wp:attachment":[{"href":"https:\/\/cm-fronteira.pt\/es\/wp-json\/wp\/v2\/media?parent=23250"}],"wp:term":[{"taxonomy":"category","embeddable":true,"href":"https:\/\/cm-fronteira.pt\/es\/wp-json\/wp\/v2\/categories?post=23250"},{"taxonomy":"post_tag","embeddable":true,"href":"https:\/\/cm-fronteira.pt\/es\/wp-json\/wp\/v2\/tags?post=23250"}],"curies":[{"name":"wp","href":"https:\/\/api.w.org\/{rel}","templated":true}]}}