{"id":22603,"date":"2025-10-02T09:16:29","date_gmt":"2025-10-02T09:16:29","guid":{"rendered":"https:\/\/cm-fronteira.pt\/?p=22603"},"modified":"2025-10-02T14:20:32","modified_gmt":"2025-10-02T14:20:32","slug":"campanha-oficial-de-vacinacao-antirrabica-2025-no-concelho-de-fronteira","status":"publish","type":"post","link":"https:\/\/cm-fronteira.pt\/es\/campanha-oficial-de-vacinacao-antirrabica-2025-no-concelho-de-fronteira\/","title":{"rendered":"(Portugu\u00eas) Campanha Oficial de Vacina\u00e7\u00e3o Antirr\u00e1bica 2025 no Concelho de Fronteira"},"content":{"rendered":"<p class=\"qtranxs-available-languages-message qtranxs-available-languages-message-es\">Disculpa, pero esta entrada est\u00e1 disponible s\u00f3lo en <a href=\"https:\/\/cm-fronteira.pt\/pt\/wp-json\/wp\/v2\/posts\/22603\" class=\"qtranxs-available-language-link qtranxs-available-language-link-pt\" title=\"Portugu\u00eas\">Portugu\u00eas<\/a>.<\/p>","protected":false},"excerpt":{"rendered":"<p>Disculpa, pero esta entrada est\u00e1 disponible s\u00f3lo en Portugu\u00eas.<\/p>\n","protected":false},"author":5,"featured_media":0,"comment_status":"closed","ping_status":"closed","sticky":false,"template":"","format":"standard","meta":{"_acf_changed":false,"_exactmetrics_skip_tracking":false,"_exactmetrics_sitenote_active":false,"_exactmetrics_sitenote_note":"","_exactmetrics_sitenote_category":0,"footnotes":""},"categories":[1345],"tags":[],"class_list":["post-22603","post","type-post","status-publish","format-standard","hentry","category-saude-publica"],"acf":[],"_links":{"self":[{"href":"https:\/\/cm-fronteira.pt\/es\/wp-json\/wp\/v2\/posts\/22603","targetHints":{"allow":["GET"]}}],"collection":[{"href":"https:\/\/cm-fronteira.pt\/es\/wp-json\/wp\/v2\/posts"}],"about":[{"href":"https:\/\/cm-fronteira.pt\/es\/wp-json\/wp\/v2\/types\/post"}],"author":[{"embeddable":true,"href":"https:\/\/cm-fronteira.pt\/es\/wp-json\/wp\/v2\/users\/5"}],"replies":[{"embeddable":true,"href":"https:\/\/cm-fronteira.pt\/es\/wp-json\/wp\/v2\/comments?post=22603"}],"version-history":[{"count":4,"href":"https:\/\/cm-fronteira.pt\/es\/wp-json\/wp\/v2\/posts\/22603\/revisions"}],"predecessor-version":[{"id":22607,"href":"https:\/\/cm-fronteira.pt\/es\/wp-json\/wp\/v2\/posts\/22603\/revisions\/22607"}],"wp:attachment":[{"href":"https:\/\/cm-fronteira.pt\/es\/wp-json\/wp\/v2\/media?parent=22603"}],"wp:term":[{"taxonomy":"category","embeddable":true,"href":"https:\/\/cm-fronteira.pt\/es\/wp-json\/wp\/v2\/categories?post=22603"},{"taxonomy":"post_tag","embeddable":true,"href":"https:\/\/cm-fronteira.pt\/es\/wp-json\/wp\/v2\/tags?post=22603"}],"curies":[{"name":"wp","href":"https:\/\/api.w.org\/{rel}","templated":true}]}}