{"id":22084,"date":"2026-04-27T14:11:41","date_gmt":"2026-04-27T14:11:41","guid":{"rendered":"https:\/\/cm-fronteira.pt\/?p=22084"},"modified":"2026-04-27T16:15:01","modified_gmt":"2026-04-27T16:15:01","slug":"reuniao-assembleia-municipal-abril-2026","status":"publish","type":"post","link":"https:\/\/cm-fronteira.pt\/es\/reuniao-assembleia-municipal-abril-2026\/","title":{"rendered":"(Portugu\u00eas) Reuni\u00e3o Assembleia Municipal &#8211; Abril 2026"},"content":{"rendered":"<p class=\"qtranxs-available-languages-message qtranxs-available-languages-message-es\">Disculpa, pero esta entrada est\u00e1 disponible s\u00f3lo en <a href=\"https:\/\/cm-fronteira.pt\/pt\/wp-json\/wp\/v2\/posts\/22084\" class=\"qtranxs-available-language-link qtranxs-available-language-link-pt\" title=\"Portugu\u00eas\">Portugu\u00eas<\/a>.<\/p>","protected":false},"excerpt":{"rendered":"<p>Disculpa, pero esta entrada est\u00e1 disponible s\u00f3lo en Portugu\u00eas.<\/p>\n","protected":false},"author":5,"featured_media":0,"comment_status":"closed","ping_status":"closed","sticky":false,"template":"","format":"standard","meta":{"_acf_changed":false,"_exactmetrics_skip_tracking":false,"_exactmetrics_sitenote_active":false,"_exactmetrics_sitenote_note":"","_exactmetrics_sitenote_category":0,"footnotes":""},"categories":[1373],"tags":[],"class_list":["post-22084","post","type-post","status-publish","format-standard","hentry","category-assembleia"],"acf":[],"_links":{"self":[{"href":"https:\/\/cm-fronteira.pt\/es\/wp-json\/wp\/v2\/posts\/22084","targetHints":{"allow":["GET"]}}],"collection":[{"href":"https:\/\/cm-fronteira.pt\/es\/wp-json\/wp\/v2\/posts"}],"about":[{"href":"https:\/\/cm-fronteira.pt\/es\/wp-json\/wp\/v2\/types\/post"}],"author":[{"embeddable":true,"href":"https:\/\/cm-fronteira.pt\/es\/wp-json\/wp\/v2\/users\/5"}],"replies":[{"embeddable":true,"href":"https:\/\/cm-fronteira.pt\/es\/wp-json\/wp\/v2\/comments?post=22084"}],"version-history":[{"count":3,"href":"https:\/\/cm-fronteira.pt\/es\/wp-json\/wp\/v2\/posts\/22084\/revisions"}],"predecessor-version":[{"id":23854,"href":"https:\/\/cm-fronteira.pt\/es\/wp-json\/wp\/v2\/posts\/22084\/revisions\/23854"}],"wp:attachment":[{"href":"https:\/\/cm-fronteira.pt\/es\/wp-json\/wp\/v2\/media?parent=22084"}],"wp:term":[{"taxonomy":"category","embeddable":true,"href":"https:\/\/cm-fronteira.pt\/es\/wp-json\/wp\/v2\/categories?post=22084"},{"taxonomy":"post_tag","embeddable":true,"href":"https:\/\/cm-fronteira.pt\/es\/wp-json\/wp\/v2\/tags?post=22084"}],"curies":[{"name":"wp","href":"https:\/\/api.w.org\/{rel}","templated":true}]}}