{"id":12685,"date":"2023-10-27T13:56:27","date_gmt":"2023-10-27T13:56:27","guid":{"rendered":"https:\/\/cm-fronteira.pt\/?p=12685"},"modified":"2023-10-27T14:06:29","modified_gmt":"2023-10-27T14:06:29","slug":"a-37a-baja-portalegre-passa-no-concelho-de-fronteira","status":"publish","type":"post","link":"https:\/\/cm-fronteira.pt\/es\/a-37a-baja-portalegre-passa-no-concelho-de-fronteira\/","title":{"rendered":"A 37\u00aa Baja Portalegre passa no concelho de Fronteira."},"content":{"rendered":"<div class=\"x11i5rnm xat24cr x1mh8g0r x1vvkbs xtlvy1s x126k92a\">\n<p dir=\"auto\" style=\"text-align: justify;\">No dia 28 de outubro (s\u00e1bado), a 37\u00aa edi\u00e7\u00e3o da Baja Portalegre 500 passa no Concelho de Fronteira com uma Zona de Espet\u00e1culo (ZE10) j\u00e1 muito conhecida &#8211; o CIRCUITO das 24 HORAS TT e uma zona de assist\u00eancia (CC28) em Cabe\u00e7o de Vide. Venha assistir!<\/p>\n<\/div>\n<hr \/>\n<p><a href=\"https:\/\/cm-fronteira.pt\/wp-content\/uploads\/2023\/10\/Baja-Portalegre-2023_passagem-fronteira.png\"><img loading=\"lazy\" decoding=\"async\" class=\"aligncenter size-large wp-image-12686\" src=\"https:\/\/cm-fronteira.pt\/wp-content\/uploads\/2023\/10\/Baja-Portalegre-2023_passagem-fronteira-725x1024.png\" alt=\"\" width=\"725\" height=\"1024\" srcset=\"https:\/\/cm-fronteira.pt\/wp-content\/uploads\/2023\/10\/Baja-Portalegre-2023_passagem-fronteira-725x1024.png 725w, https:\/\/cm-fronteira.pt\/wp-content\/uploads\/2023\/10\/Baja-Portalegre-2023_passagem-fronteira-212x300.png 212w, https:\/\/cm-fronteira.pt\/wp-content\/uploads\/2023\/10\/Baja-Portalegre-2023_passagem-fronteira-768x1085.png 768w, https:\/\/cm-fronteira.pt\/wp-content\/uploads\/2023\/10\/Baja-Portalegre-2023_passagem-fronteira-1087x1536.png 1087w, https:\/\/cm-fronteira.pt\/wp-content\/uploads\/2023\/10\/Baja-Portalegre-2023_passagem-fronteira.png 1241w\" sizes=\"auto, (max-width: 725px) 100vw, 725px\" \/><\/a><\/p>\n<div dir=\"auto\"><\/div>\n<div dir=\"auto\"><a href=\"https:\/\/cm-fronteira.pt\/wp-content\/uploads\/2023\/10\/ZE-10-FRONTEIRA-8-2023.jpeg\"><img loading=\"lazy\" decoding=\"async\" class=\"aligncenter size-large wp-image-12689\" src=\"https:\/\/cm-fronteira.pt\/wp-content\/uploads\/2023\/10\/ZE-10-FRONTEIRA-8-2023-1024x607.jpeg\" alt=\"\" width=\"1024\" height=\"607\" srcset=\"https:\/\/cm-fronteira.pt\/wp-content\/uploads\/2023\/10\/ZE-10-FRONTEIRA-8-2023-1024x607.jpeg 1024w, https:\/\/cm-fronteira.pt\/wp-content\/uploads\/2023\/10\/ZE-10-FRONTEIRA-8-2023-300x178.jpeg 300w, https:\/\/cm-fronteira.pt\/wp-content\/uploads\/2023\/10\/ZE-10-FRONTEIRA-8-2023-768x455.jpeg 768w, https:\/\/cm-fronteira.pt\/wp-content\/uploads\/2023\/10\/ZE-10-FRONTEIRA-8-2023-1536x910.jpeg 1536w, https:\/\/cm-fronteira.pt\/wp-content\/uploads\/2023\/10\/ZE-10-FRONTEIRA-8-2023-1320x782.jpeg 1320w, https:\/\/cm-fronteira.pt\/wp-content\/uploads\/2023\/10\/ZE-10-FRONTEIRA-8-2023.jpeg 1624w\" sizes=\"auto, (max-width: 1024px) 100vw, 1024px\" \/><\/a><\/div>\n<div dir=\"auto\"><\/div>\n<div dir=\"auto\"><\/div>\n<div dir=\"auto\"><a href=\"https:\/\/cm-fronteira.pt\/wp-content\/uploads\/2023\/10\/Mapa-Geral-Onde-Ver-geral-scaled.jpeg\"><img loading=\"lazy\" decoding=\"async\" class=\"aligncenter size-large wp-image-12694\" src=\"https:\/\/cm-fronteira.pt\/wp-content\/uploads\/2023\/10\/Mapa-Geral-Onde-Ver-geral-1024x726.jpeg\" alt=\"\" width=\"1024\" height=\"726\" srcset=\"https:\/\/cm-fronteira.pt\/wp-content\/uploads\/2023\/10\/Mapa-Geral-Onde-Ver-geral-1024x726.jpeg 1024w, https:\/\/cm-fronteira.pt\/wp-content\/uploads\/2023\/10\/Mapa-Geral-Onde-Ver-geral-300x213.jpeg 300w, https:\/\/cm-fronteira.pt\/wp-content\/uploads\/2023\/10\/Mapa-Geral-Onde-Ver-geral-768x544.jpeg 768w, https:\/\/cm-fronteira.pt\/wp-content\/uploads\/2023\/10\/Mapa-Geral-Onde-Ver-geral-1536x1089.jpeg 1536w, https:\/\/cm-fronteira.pt\/wp-content\/uploads\/2023\/10\/Mapa-Geral-Onde-Ver-geral-2048x1452.jpeg 2048w, https:\/\/cm-fronteira.pt\/wp-content\/uploads\/2023\/10\/Mapa-Geral-Onde-Ver-geral-1320x936.jpeg 1320w\" sizes=\"auto, (max-width: 1024px) 100vw, 1024px\" \/><\/a><\/div>\n<div dir=\"auto\"><\/div>\n<div dir=\"auto\"><\/div>\n<div dir=\"auto\"><\/div>\n<div dir=\"auto\"><\/div>\n<div dir=\"auto\"><\/div>\n<div dir=\"auto\">\n<hr \/>\n<\/div>\n<div dir=\"auto\"><span class=\"x3nfvp2 x1j61x8r x1fcty0u xdj266r xhhsvwb xat24cr xgzva0m xxymvpz xlup9mm x1kky2od\"><img loading=\"lazy\" decoding=\"async\" class=\"xz74otr\" src=\"https:\/\/static.xx.fbcdn.net\/images\/emoji.php\/v9\/tdc\/1\/16\/26a0.png\" alt=\"\u26a0\ufe0f\" width=\"16\" height=\"16\" \/><\/span><span class=\"x3nfvp2 x1j61x8r x1fcty0u xdj266r xhhsvwb xat24cr xgzva0m xxymvpz xlup9mm x1kky2od\"><img loading=\"lazy\" decoding=\"async\" class=\"xz74otr\" src=\"https:\/\/static.xx.fbcdn.net\/images\/emoji.php\/v9\/tdc\/1\/16\/26a0.png\" alt=\"\u26a0\ufe0f\" width=\"16\" height=\"16\" \/><\/span><\/div>\n<div dir=\"auto\"><strong>Estradas interditadas ao tr\u00e2nsito no dia 28 de outubro:<\/strong><\/div>\n<div dir=\"auto\">*Interditadas (refere-se a ambos os sentidos):<\/div>\n<div dir=\"auto\"><strong>1.<\/strong> Estrada Municipal do Vale de Seda EM1175 (entre o cruzamento da EN245 Fronteira \/ Alter do Ch\u00e3o: monte seco) &#8211; entre as 07h30 e as 17h00;<\/div>\n<div dir=\"auto\"><strong>2.<\/strong> Estrada Municipal EM504 entre Fronteira \/ Santo Amaro &#8211; entre as 08h00 e as 18h00;<\/div>\n<div dir=\"auto\"><strong>3.<\/strong> Estrada municipal em Cabe\u00e7o de Vide, entre a esta\u00e7\u00e3o de caminho de ferro e a rotunda da estrada para Fronteira \u2013 entre as 09h00 e as 20h00;<\/div>\n<div dir=\"auto\"><strong>4.<\/strong> Estrada municipal entre Cabe\u00e7o de Vide e S. Saturnino \u2013 entre as 09h00 e as 19h00;<\/div>\n<div class=\"x11i5rnm xat24cr x1mh8g0r x1vvkbs xtlvy1s x126k92a\">\n<p dir=\"auto\" style=\"text-align: justify;\"><strong>5.<\/strong> Estrada municipal entre a EN369 (Monforte-Cabe\u00e7o de Vide) e a estrada de Cabe\u00e7o de Vide para Fronteira \u2013 entre as 09h00 e as 19h00.<\/p>\n<\/div>\n","protected":false},"excerpt":{"rendered":"<p>No dia 28 de outubro (s\u00e1bado), a 37\u00aa edi\u00e7\u00e3o da Baja Portalegre 500 passa no Concelho de Fronteira com uma Zona de Espet\u00e1culo (ZE10) j\u00e1 muito conhecida &#8211; o CIRCUITO das 24 HORAS TT e uma zona de assist\u00eancia (CC28) em Cabe\u00e7o de Vide. Venha assistir! Estradas interditadas ao tr\u00e2nsito no dia 28 de outubro: [&hellip;]<\/p>\n","protected":false},"author":5,"featured_media":0,"comment_status":"closed","ping_status":"closed","sticky":false,"template":"","format":"standard","meta":{"_acf_changed":false,"_exactmetrics_skip_tracking":false,"_exactmetrics_sitenote_active":false,"_exactmetrics_sitenote_note":"","_exactmetrics_sitenote_category":0,"footnotes":""},"categories":[1],"tags":[],"class_list":["post-12685","post","type-post","status-publish","format-standard","hentry","category-sem-categoria"],"acf":[],"_links":{"self":[{"href":"https:\/\/cm-fronteira.pt\/es\/wp-json\/wp\/v2\/posts\/12685","targetHints":{"allow":["GET"]}}],"collection":[{"href":"https:\/\/cm-fronteira.pt\/es\/wp-json\/wp\/v2\/posts"}],"about":[{"href":"https:\/\/cm-fronteira.pt\/es\/wp-json\/wp\/v2\/types\/post"}],"author":[{"embeddable":true,"href":"https:\/\/cm-fronteira.pt\/es\/wp-json\/wp\/v2\/users\/5"}],"replies":[{"embeddable":true,"href":"https:\/\/cm-fronteira.pt\/es\/wp-json\/wp\/v2\/comments?post=12685"}],"version-history":[{"count":11,"href":"https:\/\/cm-fronteira.pt\/es\/wp-json\/wp\/v2\/posts\/12685\/revisions"}],"predecessor-version":[{"id":12700,"href":"https:\/\/cm-fronteira.pt\/es\/wp-json\/wp\/v2\/posts\/12685\/revisions\/12700"}],"wp:attachment":[{"href":"https:\/\/cm-fronteira.pt\/es\/wp-json\/wp\/v2\/media?parent=12685"}],"wp:term":[{"taxonomy":"category","embeddable":true,"href":"https:\/\/cm-fronteira.pt\/es\/wp-json\/wp\/v2\/categories?post=12685"},{"taxonomy":"post_tag","embeddable":true,"href":"https:\/\/cm-fronteira.pt\/es\/wp-json\/wp\/v2\/tags?post=12685"}],"curies":[{"name":"wp","href":"https:\/\/api.w.org\/{rel}","templated":true}]}}