{"id":12168,"date":"2023-05-19T14:35:07","date_gmt":"2023-05-19T14:35:07","guid":{"rendered":"https:\/\/cm-fronteira.pt\/?p=12168"},"modified":"2023-10-31T18:08:01","modified_gmt":"2023-10-31T18:08:01","slug":"aguas-do-alto-alentejo-esta-a-recrutar-2","status":"publish","type":"post","link":"https:\/\/cm-fronteira.pt\/es\/aguas-do-alto-alentejo-esta-a-recrutar-2\/","title":{"rendered":"\u00c1guas do Alto Alentejo est\u00e1 a recrutar!"},"content":{"rendered":"<p class=\"x_MsoNormal\" style=\"text-align: justify;\">A \u00c1guas do Alto Alentejo pretende preencher um posto de trabalho na seguinte \u00e1rea, em v\u00ednculo de contrato de trabalho a termo certo, pelo per\u00edodo de um ano prorrog\u00e1vel:<\/p>\n<p class=\"x_MsoNormal\" style=\"text-align: justify;\">\n<p class=\"x_MsoNormal\" style=\"text-align: justify;\"><strong>&#8211; T\u00e9cnico Superior em Engenharia Eletromec\u00e2nica \/ Eletrotecnia<\/strong><\/p>\n<p class=\"x_MsoNormal\" style=\"text-align: justify;\">\n<p class=\"x_MsoNormal\" style=\"text-align: justify;\">Poder\u00e1 fazer a sua candidatura enviando o CV para <a href=\"mailto:recrutamento@aguasdoaltoalentejo.pt\">recrutamento@aguasdoaltoalentejo.pt<\/a>, identificando, no assunto do e-mail, a refer\u00eancia do posto ao qual se candidata ou entregando a referida documenta\u00e7\u00e3o no escrit\u00f3rio da empresa sito no Edif\u00edcio do Mercado Municipal, 7400-232 Ponte de Sor, at\u00e9 ao <strong>dia 31\/05\/2023<\/strong>,.<\/p>\n<p class=\"x_MsoNormal\" style=\"text-align: justify;\">Consulte o aviso de recrutamento na \u00edntegra no seguinte link: <a href=\"https:\/\/bit.ly\/436ekLw\" target=\"_blank\" rel=\"noopener noreferrer\">https:\/\/bit.ly\/436ekLw<\/a><\/p>\n<p class=\"x_MsoNormal\" style=\"text-align: justify;\">\n<p class=\"x_MsoNormal\" style=\"text-align: justify;\">Poder\u00e1 tamb\u00e9m consultar a lista de oportunidades, no site da \u00c1guas do Alto Alentejo:\u00a0<a href=\"https:\/\/www.aguasdoaltoalentejo.pt\/contratacao\/\" target=\"_blank\" rel=\"noopener noreferrer\">https:\/\/www.aguasdoaltoalentejo.pt\/contratacao\/<\/a><\/p>\n","protected":false},"excerpt":{"rendered":"<p>A \u00c1guas do Alto Alentejo pretende preencher um posto de trabalho na seguinte \u00e1rea, em v\u00ednculo de contrato de trabalho a termo certo, pelo per\u00edodo de um ano prorrog\u00e1vel: &#8211; T\u00e9cnico Superior em Engenharia Eletromec\u00e2nica \/ Eletrotecnia Poder\u00e1 fazer a sua candidatura enviando o CV para recrutamento@aguasdoaltoalentejo.pt, identificando, no assunto do e-mail, a refer\u00eancia do [&hellip;]<\/p>\n","protected":false},"author":5,"featured_media":0,"comment_status":"closed","ping_status":"closed","sticky":false,"template":"","format":"standard","meta":{"_acf_changed":false,"_exactmetrics_skip_tracking":false,"_exactmetrics_sitenote_active":false,"_exactmetrics_sitenote_note":"","_exactmetrics_sitenote_category":0,"footnotes":""},"categories":[1],"tags":[],"class_list":["post-12168","post","type-post","status-publish","format-standard","hentry","category-sem-categoria"],"acf":[],"_links":{"self":[{"href":"https:\/\/cm-fronteira.pt\/es\/wp-json\/wp\/v2\/posts\/12168","targetHints":{"allow":["GET"]}}],"collection":[{"href":"https:\/\/cm-fronteira.pt\/es\/wp-json\/wp\/v2\/posts"}],"about":[{"href":"https:\/\/cm-fronteira.pt\/es\/wp-json\/wp\/v2\/types\/post"}],"author":[{"embeddable":true,"href":"https:\/\/cm-fronteira.pt\/es\/wp-json\/wp\/v2\/users\/5"}],"replies":[{"embeddable":true,"href":"https:\/\/cm-fronteira.pt\/es\/wp-json\/wp\/v2\/comments?post=12168"}],"version-history":[{"count":2,"href":"https:\/\/cm-fronteira.pt\/es\/wp-json\/wp\/v2\/posts\/12168\/revisions"}],"predecessor-version":[{"id":12888,"href":"https:\/\/cm-fronteira.pt\/es\/wp-json\/wp\/v2\/posts\/12168\/revisions\/12888"}],"wp:attachment":[{"href":"https:\/\/cm-fronteira.pt\/es\/wp-json\/wp\/v2\/media?parent=12168"}],"wp:term":[{"taxonomy":"category","embeddable":true,"href":"https:\/\/cm-fronteira.pt\/es\/wp-json\/wp\/v2\/categories?post=12168"},{"taxonomy":"post_tag","embeddable":true,"href":"https:\/\/cm-fronteira.pt\/es\/wp-json\/wp\/v2\/tags?post=12168"}],"curies":[{"name":"wp","href":"https:\/\/api.w.org\/{rel}","templated":true}]}}