{"id":11881,"date":"2023-05-11T10:42:19","date_gmt":"2023-05-11T10:42:19","guid":{"rendered":"https:\/\/cm-fronteira.pt\/?p=11881"},"modified":"2025-01-08T15:49:01","modified_gmt":"2025-01-08T15:49:01","slug":"workshop-violencia-domestica","status":"publish","type":"post","link":"https:\/\/cm-fronteira.pt\/es\/workshop-violencia-domestica\/","title":{"rendered":"Workshop Viol\u00eancia Dom\u00e9stica"},"content":{"rendered":"<p><\/p>\n<h3><b style=\"font-size: medium; font-family: Calibri, serif;\">Workshop no \u00e2mbito da viol\u00eancia dom\u00e9stica &#8211; ONLINE<\/b><\/h3>\n<p><span style=\"font-family: Calibri, serif;\"><span style=\"font-size: medium;\"><b>Data\/hor\u00e1rio:<\/b><\/span><\/span><span style=\"font-family: Calibri, serif;\"><span style=\"font-size: medium;\"> 19 de maio (10h-13h)<\/span><\/span><\/p>\n<p><span style=\"font-family: Calibri, serif;\"><span style=\"font-size: medium;\">Com esta sess\u00e3o de informa\u00e7\u00e3o pretende-se sensibilizar a comunidade para uma cultura da n\u00e3o viol\u00eancia<\/span><\/span><\/p>\n<p><span style=\"font-family: Calibri, serif;\"><span style=\"font-size: medium;\"><b>Programa:<\/b><\/span><\/span><\/p>\n<p><span style=\"font-family: Calibri, serif;\"><span style=\"font-size: medium;\">&#8211; Abertura da sess\u00e3o<\/span><\/span><\/p>\n<p><span style=\"font-family: Calibri, serif;\"><span style=\"font-size: medium;\">&#8211; Conceitos de viol\u00eancia dom\u00e9stica e viol\u00eancia de g\u00e9nero<\/span><\/span><\/p>\n<p><span style=\"font-family: Calibri, serif;\"><span style=\"font-size: medium;\">&#8211; Origem da viol\u00eancia de g\u00e9nero<\/span><\/span><\/p>\n<p><span style=\"font-family: Calibri, serif;\"><span style=\"font-size: medium;\">&#8211; Tipos de viol\u00eancia de g\u00e9nero<\/span><\/span><\/p>\n<p><span style=\"font-family: Calibri, serif;\"><span style=\"font-size: medium;\">&#8211; Estruturas de apoio na comunidade em situa\u00e7\u00f5es de viol\u00eancia de g\u00e9nero<\/span><\/span><\/p>\n<p><span style=\"font-family: Calibri, serif;\"><span style=\"font-size: medium;\">&#8211; Conclus\u00f5es \/D\u00favidas \/Encerramento<\/span><\/span><\/p>\n<p>&nbsp;<\/p>\n<p><strong><span style=\"font-family: Calibri, serif;\"><span style=\"font-size: medium;\">Inscri\u00e7\u00f5es abertas at\u00e9 ao dia 17 de maio de 2023.<\/span><\/span><\/strong><\/p>\n<p><span style=\"font-family: Calibri, serif;\"><span style=\"font-size: medium;\">Aceda ao link: <\/span><\/span><span style=\"color: #0000ff;\"><u><a href=\"https:\/\/forms.gle\/1tHfCQFai48YAorA8\" target=\"_blank\" rel=\"noopener\"><span style=\"font-family: Calibri, serif;\"><span style=\"font-size: medium;\">https:\/\/forms.gle\/1tHfCQFai48YAorA8<\/span><\/span><\/a><\/u><\/span><\/p>\n<p><a href=\"https:\/\/cm-fronteira.pt\/wp-content\/uploads\/2023\/05\/post-fb_18_workshop_viole\u0302ncia-dome\u0301stica_CIM-AA.png\"><img loading=\"lazy\" decoding=\"async\" class=\"wp-image-11883 size-medium alignleft\" src=\"https:\/\/cm-fronteira.pt\/wp-content\/uploads\/2023\/05\/post-fb_18_workshop_viole\u0302ncia-dome\u0301stica_CIM-AA-300x209.png\" alt=\"\" width=\"300\" height=\"209\" srcset=\"https:\/\/cm-fronteira.pt\/wp-content\/uploads\/2023\/05\/post-fb_18_workshop_viole\u0302ncia-dome\u0301stica_CIM-AA-300x209.png 300w, https:\/\/cm-fronteira.pt\/wp-content\/uploads\/2023\/05\/post-fb_18_workshop_viole\u0302ncia-dome\u0301stica_CIM-AA-1024x713.png 1024w, https:\/\/cm-fronteira.pt\/wp-content\/uploads\/2023\/05\/post-fb_18_workshop_viole\u0302ncia-dome\u0301stica_CIM-AA-768x535.png 768w, https:\/\/cm-fronteira.pt\/wp-content\/uploads\/2023\/05\/post-fb_18_workshop_viole\u0302ncia-dome\u0301stica_CIM-AA.png 1200w\" sizes=\"auto, (max-width: 300px) 100vw, 300px\" \/><\/a><\/p>","protected":false},"excerpt":{"rendered":"<p>Workshop no \u00e2mbito da viol\u00eancia dom\u00e9stica &#8211; ONLINE Data\/hor\u00e1rio: 19 de maio (10h-13h) Com esta sess\u00e3o de informa\u00e7\u00e3o pretende-se sensibilizar a comunidade para uma cultura da n\u00e3o viol\u00eancia Programa: &#8211; Abertura da sess\u00e3o &#8211; Conceitos de viol\u00eancia dom\u00e9stica e viol\u00eancia de g\u00e9nero &#8211; Origem da viol\u00eancia de g\u00e9nero &#8211; Tipos de viol\u00eancia de g\u00e9nero &#8211; [&hellip;]<\/p>\n","protected":false},"author":5,"featured_media":21299,"comment_status":"closed","ping_status":"closed","sticky":false,"template":"","format":"standard","meta":{"_acf_changed":false,"_exactmetrics_skip_tracking":false,"_exactmetrics_sitenote_active":false,"_exactmetrics_sitenote_note":"","_exactmetrics_sitenote_category":0,"footnotes":""},"categories":[1],"tags":[],"class_list":["post-11881","post","type-post","status-publish","format-standard","has-post-thumbnail","hentry","category-sem-categoria"],"acf":[],"_links":{"self":[{"href":"https:\/\/cm-fronteira.pt\/es\/wp-json\/wp\/v2\/posts\/11881","targetHints":{"allow":["GET"]}}],"collection":[{"href":"https:\/\/cm-fronteira.pt\/es\/wp-json\/wp\/v2\/posts"}],"about":[{"href":"https:\/\/cm-fronteira.pt\/es\/wp-json\/wp\/v2\/types\/post"}],"author":[{"embeddable":true,"href":"https:\/\/cm-fronteira.pt\/es\/wp-json\/wp\/v2\/users\/5"}],"replies":[{"embeddable":true,"href":"https:\/\/cm-fronteira.pt\/es\/wp-json\/wp\/v2\/comments?post=11881"}],"version-history":[{"count":6,"href":"https:\/\/cm-fronteira.pt\/es\/wp-json\/wp\/v2\/posts\/11881\/revisions"}],"predecessor-version":[{"id":21304,"href":"https:\/\/cm-fronteira.pt\/es\/wp-json\/wp\/v2\/posts\/11881\/revisions\/21304"}],"wp:featuredmedia":[{"embeddable":true,"href":"https:\/\/cm-fronteira.pt\/es\/wp-json\/wp\/v2\/media\/21299"}],"wp:attachment":[{"href":"https:\/\/cm-fronteira.pt\/es\/wp-json\/wp\/v2\/media?parent=11881"}],"wp:term":[{"taxonomy":"category","embeddable":true,"href":"https:\/\/cm-fronteira.pt\/es\/wp-json\/wp\/v2\/categories?post=11881"},{"taxonomy":"post_tag","embeddable":true,"href":"https:\/\/cm-fronteira.pt\/es\/wp-json\/wp\/v2\/tags?post=11881"}],"curies":[{"name":"wp","href":"https:\/\/api.w.org\/{rel}","templated":true}]}}